{"id":4203,"date":"2025-06-23T22:24:00","date_gmt":"2025-06-23T21:24:00","guid":{"rendered":"https:\/\/pedalwithheart.com\/?p=4203"},"modified":"2026-03-10T22:28:51","modified_gmt":"2026-03-10T21:28:51","slug":"isporuka-u-sos-djecje-selo-hrvatska-2","status":"publish","type":"post","link":"https:\/\/pedalwithheart.com\/en\/isporuka-u-sos-djecje-selo-hrvatska-2\/","title":{"rendered":"Isporuka u SOS Dje\u010dje selo Hrvatska"},"content":{"rendered":"<p><img loading=\"lazy\" decoding=\"async\" height=\"16\" width=\"16\" alt=\"\ud83d\udeb4\u200d\u2642\ufe0f\" src=\"https:\/\/static.xx.fbcdn.net\/images\/emoji.php\/v9\/t10\/1\/16\/1f6b4_200d_2642.png\"> Donacija bicikala za djecu iz SOS Dje\u010djih sela Lekenik i Ladimirevci <img loading=\"lazy\" decoding=\"async\" height=\"16\" width=\"16\" alt=\"\ud83d\udeb4\u200d\u2640\ufe0f\" src=\"https:\/\/static.xx.fbcdn.net\/images\/emoji.php\/v9\/te\/1\/16\/1f6b4_200d_2640.png\"><\/p>\n\n\n\n<p>S velikim ponosom i rado\u0161\u0107u dijelimo vijest da je zahvaljuju\u0107i va\u0161em sudjelovanju na dobrotvornoj biciklijadi Pedal with heart, isporu\u010deno 28 bicikala djeci iz SOS Dje\u010djih sela Lekenik i Ladimirevci! <img loading=\"lazy\" decoding=\"async\" height=\"16\" width=\"16\" alt=\"\u2764\ufe0f\" src=\"https:\/\/static.xx.fbcdn.net\/images\/emoji.php\/v9\/t6c\/1\/16\/2764.png\"><\/p>\n\n\n\n<p>Ovi bicikli nisu samo prijevozna sredstva \u2014 oni su simbol slobode, igre, dru\u017eenja i zdravog djetinjstva. Za mnogu djecu ovo je prvi bicikl u \u017eivotu, a njihovi osmijesi prilikom preuzimanja najve\u0107a su nam nagrada.<\/p>\n\n\n\n<p>Zahvaljujemo svim sudionicima, volonterima, partnerima i sponzorima koji su podr\u017eali na\u0161u misiju. Va\u0161a podr\u0161ka pokazuje koliko zajedni\u0161tvo i dobra volja mogu pokrenuti pozitivne promjene.<\/p>\n\n\n\n<p>Pedaliramo dalje \u2014 za djecu, za osmijehe, za srce! <img loading=\"lazy\" decoding=\"async\" height=\"16\" width=\"16\" alt=\"\u2764\ufe0f\" src=\"https:\/\/static.xx.fbcdn.net\/images\/emoji.php\/v9\/t6c\/1\/16\/2764.png\"><\/p>\n\n\n\n<p>Kako je pro\u0161la isporuka mo\u017eete viditi u kratkom videu  https:\/\/www.facebook.com\/reel\/692720400309947<\/p>","protected":false},"excerpt":{"rendered":"<p>Donacija bicikala za djecu iz SOS Dje\u010djih sela Lekenik i Ladimirevci S velikim ponosom i rado\u0161\u0107u dijelimo vijest da je zahvaljuju\u0107i va\u0161em sudjelovanju na dobrotvornoj biciklijadi Pedal with heart, isporu\u010deno 28 bicikala djeci iz SOS Dje\u010djih sela Lekenik i Ladimirevci!&#8230;<\/p>","protected":false},"author":3,"featured_media":0,"comment_status":"closed","ping_status":"open","sticky":false,"template":"","format":"standard","meta":{"footnotes":""},"categories":[157,21],"tags":[161,168,181],"class_list":["post-4203","post","type-post","status-publish","format-standard","hentry","category-jaskansko-srce","category-vijesti","tag-cycling","tag-pedalwithheart","tag-sosdjecijeselohrvatska"],"yoast_head":"<!-- This site is optimized with the Yoast SEO plugin v22.5 - https:\/\/yoast.com\/wordpress\/plugins\/seo\/ -->\n<title>Isporuka u SOS Dje\u010dje selo Hrvatska - Pedal With Heart<\/title>\n<meta name=\"robots\" content=\"index, follow, max-snippet:-1, max-image-preview:large, max-video-preview:-1\" \/>\n<link rel=\"canonical\" href=\"https:\/\/pedalwithheart.com\/en\/isporuka-u-sos-djecje-selo-hrvatska-2\/\" \/>\n<meta property=\"og:locale\" content=\"en_US\" \/>\n<meta property=\"og:type\" content=\"article\" \/>\n<meta property=\"og:title\" content=\"Isporuka u SOS Dje\u010dje selo Hrvatska - Pedal With Heart\" \/>\n<meta property=\"og:description\" content=\"Donacija bicikala za djecu iz SOS Dje\u010djih sela Lekenik i Ladimirevci S velikim ponosom i rado\u0161\u0107u dijelimo vijest da je zahvaljuju\u0107i va\u0161em sudjelovanju na dobrotvornoj biciklijadi Pedal with heart, isporu\u010deno 28 bicikala djeci iz SOS Dje\u010djih sela Lekenik i Ladimirevci!...\" \/>\n<meta property=\"og:url\" content=\"https:\/\/pedalwithheart.com\/en\/isporuka-u-sos-djecje-selo-hrvatska-2\/\" \/>\n<meta property=\"og:site_name\" content=\"Pedal With Heart\" \/>\n<meta property=\"article:publisher\" content=\"https:\/\/www.facebook.com\/pedalwithheart\" \/>\n<meta property=\"article:published_time\" content=\"2025-06-23T21:24:00+00:00\" \/>\n<meta property=\"article:modified_time\" content=\"2026-03-10T21:28:51+00:00\" \/>\n<meta property=\"og:image\" content=\"https:\/\/static.xx.fbcdn.net\/images\/emoji.php\/v9\/t10\/1\/16\/1f6b4_200d_2642.png\" \/>\n<meta name=\"author\" content=\"Ivan Pu\u0161kari\u0107\" \/>\n<meta name=\"twitter:card\" content=\"summary_large_image\" \/>\n<meta name=\"twitter:label1\" content=\"Written by\" \/>\n\t<meta name=\"twitter:data1\" content=\"Ivan Pu\u0161kari\u0107\" \/>\n\t<meta name=\"twitter:label2\" content=\"Est. reading time\" \/>\n\t<meta name=\"twitter:data2\" content=\"2 minutes\" \/>\n<script type=\"application\/ld+json\" class=\"yoast-schema-graph\">{\"@context\":\"https:\/\/schema.org\",\"@graph\":[{\"@type\":\"Article\",\"@id\":\"https:\/\/pedalwithheart.com\/isporuka-u-sos-djecje-selo-hrvatska-2\/#article\",\"isPartOf\":{\"@id\":\"https:\/\/pedalwithheart.com\/isporuka-u-sos-djecje-selo-hrvatska-2\/\"},\"author\":{\"name\":\"Ivan Pu\u0161kari\u0107\",\"@id\":\"https:\/\/3.74.107.63\/#\/schema\/person\/dc4e97166e2938305a9d931eef2d250c\"},\"headline\":\"Isporuka u SOS Dje\u010dje selo Hrvatska\",\"datePublished\":\"2025-06-23T21:24:00+00:00\",\"dateModified\":\"2026-03-10T21:28:51+00:00\",\"mainEntityOfPage\":{\"@id\":\"https:\/\/pedalwithheart.com\/isporuka-u-sos-djecje-selo-hrvatska-2\/\"},\"wordCount\":140,\"publisher\":{\"@id\":\"https:\/\/3.74.107.63\/#organization\"},\"image\":{\"@id\":\"https:\/\/pedalwithheart.com\/isporuka-u-sos-djecje-selo-hrvatska-2\/#primaryimage\"},\"thumbnailUrl\":\"https:\/\/static.xx.fbcdn.net\/images\/emoji.php\/v9\/t10\/1\/16\/1f6b4_200d_2642.png\",\"keywords\":[\"#cycling\",\"#pedalwithheart\",\"#sosdjecijeselohrvatska\"],\"articleSection\":[\"Jaskansko srce\",\"Vijest\"],\"inLanguage\":\"en-US\"},{\"@type\":\"WebPage\",\"@id\":\"https:\/\/pedalwithheart.com\/isporuka-u-sos-djecje-selo-hrvatska-2\/\",\"url\":\"https:\/\/pedalwithheart.com\/isporuka-u-sos-djecje-selo-hrvatska-2\/\",\"name\":\"Isporuka u SOS Dje\u010dje selo Hrvatska - Pedal With Heart\",\"isPartOf\":{\"@id\":\"https:\/\/3.74.107.63\/#website\"},\"primaryImageOfPage\":{\"@id\":\"https:\/\/pedalwithheart.com\/isporuka-u-sos-djecje-selo-hrvatska-2\/#primaryimage\"},\"image\":{\"@id\":\"https:\/\/pedalwithheart.com\/isporuka-u-sos-djecje-selo-hrvatska-2\/#primaryimage\"},\"thumbnailUrl\":\"https:\/\/static.xx.fbcdn.net\/images\/emoji.php\/v9\/t10\/1\/16\/1f6b4_200d_2642.png\",\"datePublished\":\"2025-06-23T21:24:00+00:00\",\"dateModified\":\"2026-03-10T21:28:51+00:00\",\"breadcrumb\":{\"@id\":\"https:\/\/pedalwithheart.com\/isporuka-u-sos-djecje-selo-hrvatska-2\/#breadcrumb\"},\"inLanguage\":\"en-US\",\"potentialAction\":[{\"@type\":\"ReadAction\",\"target\":[\"https:\/\/pedalwithheart.com\/isporuka-u-sos-djecje-selo-hrvatska-2\/\"]}]},{\"@type\":\"ImageObject\",\"inLanguage\":\"en-US\",\"@id\":\"https:\/\/pedalwithheart.com\/isporuka-u-sos-djecje-selo-hrvatska-2\/#primaryimage\",\"url\":\"https:\/\/static.xx.fbcdn.net\/images\/emoji.php\/v9\/t10\/1\/16\/1f6b4_200d_2642.png\",\"contentUrl\":\"https:\/\/static.xx.fbcdn.net\/images\/emoji.php\/v9\/t10\/1\/16\/1f6b4_200d_2642.png\"},{\"@type\":\"BreadcrumbList\",\"@id\":\"https:\/\/pedalwithheart.com\/isporuka-u-sos-djecje-selo-hrvatska-2\/#breadcrumb\",\"itemListElement\":[{\"@type\":\"ListItem\",\"position\":1,\"name\":\"Home\",\"item\":\"https:\/\/3.74.107.63\/\"},{\"@type\":\"ListItem\",\"position\":2,\"name\":\"Isporuka u SOS Dje\u010dje selo Hrvatska\"}]},{\"@type\":\"WebSite\",\"@id\":\"https:\/\/3.74.107.63\/#website\",\"url\":\"https:\/\/3.74.107.63\/\",\"name\":\"Pedal With Heart\",\"description\":\"Ono \u0161to \u010dinimo za drugog \u010dinimo za sebe\",\"publisher\":{\"@id\":\"https:\/\/3.74.107.63\/#organization\"},\"potentialAction\":[{\"@type\":\"SearchAction\",\"target\":{\"@type\":\"EntryPoint\",\"urlTemplate\":\"https:\/\/3.74.107.63\/?s={search_term_string}\"},\"query-input\":\"required name=search_term_string\"}],\"inLanguage\":\"en-US\"},{\"@type\":\"Organization\",\"@id\":\"https:\/\/3.74.107.63\/#organization\",\"name\":\"Pedal With Heart\",\"url\":\"https:\/\/3.74.107.63\/\",\"logo\":{\"@type\":\"ImageObject\",\"inLanguage\":\"en-US\",\"@id\":\"https:\/\/3.74.107.63\/#\/schema\/logo\/image\/\",\"url\":\"https:\/\/pedalwithheart.com\/wp-content\/uploads\/2022\/07\/pedal-with-heart-fav.png\",\"contentUrl\":\"https:\/\/pedalwithheart.com\/wp-content\/uploads\/2022\/07\/pedal-with-heart-fav.png\",\"width\":270,\"height\":270,\"caption\":\"Pedal With Heart\"},\"image\":{\"@id\":\"https:\/\/3.74.107.63\/#\/schema\/logo\/image\/\"},\"sameAs\":[\"https:\/\/www.facebook.com\/pedalwithheart\",\"https:\/\/www.instagram.com\/pedal_with_heart\/\"]},{\"@type\":\"Person\",\"@id\":\"https:\/\/3.74.107.63\/#\/schema\/person\/dc4e97166e2938305a9d931eef2d250c\",\"name\":\"Ivan Pu\u0161kari\u0107\",\"image\":{\"@type\":\"ImageObject\",\"inLanguage\":\"en-US\",\"@id\":\"https:\/\/3.74.107.63\/#\/schema\/person\/image\/\",\"url\":\"https:\/\/secure.gravatar.com\/avatar\/0bb3c3bc329b61460699107108cadb83975e12655b20adaf9ae10eec163000bb?s=96&d=mm&r=g\",\"contentUrl\":\"https:\/\/secure.gravatar.com\/avatar\/0bb3c3bc329b61460699107108cadb83975e12655b20adaf9ae10eec163000bb?s=96&d=mm&r=g\",\"caption\":\"Ivan Pu\u0161kari\u0107\"},\"url\":\"https:\/\/pedalwithheart.com\/en\/author\/ivan\/\"}]}<\/script>\n<!-- \/ Yoast SEO plugin. -->","yoast_head_json":{"title":"Isporuka u SOS Dje\u010dje selo Hrvatska - Pedal With Heart","robots":{"index":"index","follow":"follow","max-snippet":"max-snippet:-1","max-image-preview":"max-image-preview:large","max-video-preview":"max-video-preview:-1"},"canonical":"https:\/\/pedalwithheart.com\/en\/isporuka-u-sos-djecje-selo-hrvatska-2\/","og_locale":"en_US","og_type":"article","og_title":"Isporuka u SOS Dje\u010dje selo Hrvatska - Pedal With Heart","og_description":"Donacija bicikala za djecu iz SOS Dje\u010djih sela Lekenik i Ladimirevci S velikim ponosom i rado\u0161\u0107u dijelimo vijest da je zahvaljuju\u0107i va\u0161em sudjelovanju na dobrotvornoj biciklijadi Pedal with heart, isporu\u010deno 28 bicikala djeci iz SOS Dje\u010djih sela Lekenik i Ladimirevci!...","og_url":"https:\/\/pedalwithheart.com\/en\/isporuka-u-sos-djecje-selo-hrvatska-2\/","og_site_name":"Pedal With Heart","article_publisher":"https:\/\/www.facebook.com\/pedalwithheart","article_published_time":"2025-06-23T21:24:00+00:00","article_modified_time":"2026-03-10T21:28:51+00:00","og_image":[{"url":"https:\/\/static.xx.fbcdn.net\/images\/emoji.php\/v9\/t10\/1\/16\/1f6b4_200d_2642.png"}],"author":"Ivan Pu\u0161kari\u0107","twitter_card":"summary_large_image","twitter_misc":{"Written by":"Ivan Pu\u0161kari\u0107","Est. reading time":"2 minutes"},"schema":{"@context":"https:\/\/schema.org","@graph":[{"@type":"Article","@id":"https:\/\/pedalwithheart.com\/isporuka-u-sos-djecje-selo-hrvatska-2\/#article","isPartOf":{"@id":"https:\/\/pedalwithheart.com\/isporuka-u-sos-djecje-selo-hrvatska-2\/"},"author":{"name":"Ivan Pu\u0161kari\u0107","@id":"https:\/\/3.74.107.63\/#\/schema\/person\/dc4e97166e2938305a9d931eef2d250c"},"headline":"Isporuka u SOS Dje\u010dje selo Hrvatska","datePublished":"2025-06-23T21:24:00+00:00","dateModified":"2026-03-10T21:28:51+00:00","mainEntityOfPage":{"@id":"https:\/\/pedalwithheart.com\/isporuka-u-sos-djecje-selo-hrvatska-2\/"},"wordCount":140,"publisher":{"@id":"https:\/\/3.74.107.63\/#organization"},"image":{"@id":"https:\/\/pedalwithheart.com\/isporuka-u-sos-djecje-selo-hrvatska-2\/#primaryimage"},"thumbnailUrl":"https:\/\/static.xx.fbcdn.net\/images\/emoji.php\/v9\/t10\/1\/16\/1f6b4_200d_2642.png","keywords":["#cycling","#pedalwithheart","#sosdjecijeselohrvatska"],"articleSection":["Jaskansko srce","Vijest"],"inLanguage":"en-US"},{"@type":"WebPage","@id":"https:\/\/pedalwithheart.com\/isporuka-u-sos-djecje-selo-hrvatska-2\/","url":"https:\/\/pedalwithheart.com\/isporuka-u-sos-djecje-selo-hrvatska-2\/","name":"Isporuka u SOS Dje\u010dje selo Hrvatska - Pedal With Heart","isPartOf":{"@id":"https:\/\/3.74.107.63\/#website"},"primaryImageOfPage":{"@id":"https:\/\/pedalwithheart.com\/isporuka-u-sos-djecje-selo-hrvatska-2\/#primaryimage"},"image":{"@id":"https:\/\/pedalwithheart.com\/isporuka-u-sos-djecje-selo-hrvatska-2\/#primaryimage"},"thumbnailUrl":"https:\/\/static.xx.fbcdn.net\/images\/emoji.php\/v9\/t10\/1\/16\/1f6b4_200d_2642.png","datePublished":"2025-06-23T21:24:00+00:00","dateModified":"2026-03-10T21:28:51+00:00","breadcrumb":{"@id":"https:\/\/pedalwithheart.com\/isporuka-u-sos-djecje-selo-hrvatska-2\/#breadcrumb"},"inLanguage":"en-US","potentialAction":[{"@type":"ReadAction","target":["https:\/\/pedalwithheart.com\/isporuka-u-sos-djecje-selo-hrvatska-2\/"]}]},{"@type":"ImageObject","inLanguage":"en-US","@id":"https:\/\/pedalwithheart.com\/isporuka-u-sos-djecje-selo-hrvatska-2\/#primaryimage","url":"https:\/\/static.xx.fbcdn.net\/images\/emoji.php\/v9\/t10\/1\/16\/1f6b4_200d_2642.png","contentUrl":"https:\/\/static.xx.fbcdn.net\/images\/emoji.php\/v9\/t10\/1\/16\/1f6b4_200d_2642.png"},{"@type":"BreadcrumbList","@id":"https:\/\/pedalwithheart.com\/isporuka-u-sos-djecje-selo-hrvatska-2\/#breadcrumb","itemListElement":[{"@type":"ListItem","position":1,"name":"Home","item":"https:\/\/3.74.107.63\/"},{"@type":"ListItem","position":2,"name":"Isporuka u SOS Dje\u010dje selo Hrvatska"}]},{"@type":"WebSite","@id":"https:\/\/3.74.107.63\/#website","url":"https:\/\/3.74.107.63\/","name":"Pedal With Heart","description":"Ono \u0161to \u010dinimo za drugog \u010dinimo za sebe","publisher":{"@id":"https:\/\/3.74.107.63\/#organization"},"potentialAction":[{"@type":"SearchAction","target":{"@type":"EntryPoint","urlTemplate":"https:\/\/3.74.107.63\/?s={search_term_string}"},"query-input":"required name=search_term_string"}],"inLanguage":"en-US"},{"@type":"Organization","@id":"https:\/\/3.74.107.63\/#organization","name":"Pedal With Heart","url":"https:\/\/3.74.107.63\/","logo":{"@type":"ImageObject","inLanguage":"en-US","@id":"https:\/\/3.74.107.63\/#\/schema\/logo\/image\/","url":"https:\/\/pedalwithheart.com\/wp-content\/uploads\/2022\/07\/pedal-with-heart-fav.png","contentUrl":"https:\/\/pedalwithheart.com\/wp-content\/uploads\/2022\/07\/pedal-with-heart-fav.png","width":270,"height":270,"caption":"Pedal With Heart"},"image":{"@id":"https:\/\/3.74.107.63\/#\/schema\/logo\/image\/"},"sameAs":["https:\/\/www.facebook.com\/pedalwithheart","https:\/\/www.instagram.com\/pedal_with_heart\/"]},{"@type":"Person","@id":"https:\/\/3.74.107.63\/#\/schema\/person\/dc4e97166e2938305a9d931eef2d250c","name":"Ivan Pu\u0161kari\u0107","image":{"@type":"ImageObject","inLanguage":"en-US","@id":"https:\/\/3.74.107.63\/#\/schema\/person\/image\/","url":"https:\/\/secure.gravatar.com\/avatar\/0bb3c3bc329b61460699107108cadb83975e12655b20adaf9ae10eec163000bb?s=96&d=mm&r=g","contentUrl":"https:\/\/secure.gravatar.com\/avatar\/0bb3c3bc329b61460699107108cadb83975e12655b20adaf9ae10eec163000bb?s=96&d=mm&r=g","caption":"Ivan Pu\u0161kari\u0107"},"url":"https:\/\/pedalwithheart.com\/en\/author\/ivan\/"}]}},"_links":{"self":[{"href":"https:\/\/pedalwithheart.com\/en\/wp-json\/wp\/v2\/posts\/4203","targetHints":{"allow":["GET"]}}],"collection":[{"href":"https:\/\/pedalwithheart.com\/en\/wp-json\/wp\/v2\/posts"}],"about":[{"href":"https:\/\/pedalwithheart.com\/en\/wp-json\/wp\/v2\/types\/post"}],"author":[{"embeddable":true,"href":"https:\/\/pedalwithheart.com\/en\/wp-json\/wp\/v2\/users\/3"}],"replies":[{"embeddable":true,"href":"https:\/\/pedalwithheart.com\/en\/wp-json\/wp\/v2\/comments?post=4203"}],"version-history":[{"count":1,"href":"https:\/\/pedalwithheart.com\/en\/wp-json\/wp\/v2\/posts\/4203\/revisions"}],"predecessor-version":[{"id":4204,"href":"https:\/\/pedalwithheart.com\/en\/wp-json\/wp\/v2\/posts\/4203\/revisions\/4204"}],"wp:attachment":[{"href":"https:\/\/pedalwithheart.com\/en\/wp-json\/wp\/v2\/media?parent=4203"}],"wp:term":[{"taxonomy":"category","embeddable":true,"href":"https:\/\/pedalwithheart.com\/en\/wp-json\/wp\/v2\/categories?post=4203"},{"taxonomy":"post_tag","embeddable":true,"href":"https:\/\/pedalwithheart.com\/en\/wp-json\/wp\/v2\/tags?post=4203"}],"curies":[{"name":"wp","href":"https:\/\/api.w.org\/{rel}","templated":true}]}}