{"id":3765,"date":"2022-04-04T10:17:00","date_gmt":"2022-04-04T10:17:00","guid":{"rendered":"https:\/\/pedalwithheart.com\/?p=3765"},"modified":"2025-05-28T16:45:43","modified_gmt":"2025-05-28T15:45:43","slug":"pedal-with-heart-za-sos-djecije-selo-hrvatska","status":"publish","type":"post","link":"https:\/\/pedalwithheart.com\/en\/pedal-with-heart-za-sos-djecije-selo-hrvatska\/","title":{"rendered":"Pedal with heart za SOS Dje\u010dije selo Hrvatska"},"content":{"rendered":"<p>Biciklizam je ne\u0161to sto povezuje sve generacije i nije samo prijevozno sredstvo. Pamtim prve vo\u017enje iz djetinjstva koje su mi priu\u0161tile neka nova poznanstva i zdrav oblik zabave.<\/p>\n\n\n\n<p>\u017delja mi je omogu\u0107iti tako ne\u0161to i djeci iz SOS Dje\u010djeg sela Hrvatska pa tako pokre\u0107em novu akciju. Sama ruta biciklijade je srcolikog oblika i prolazi pitoresknim predjelima jaskanskog kraja, a du\u017eina je 42km.<\/p>\n\n\n\n<p>Svi zainteresirani vozili bi ovu rutu u nedjelju 15. svibnja 2022. Osim \u0161to bi ispunili svoja srca predivnom sportskom aktivno\u0161\u0107u i krajolikom, svi sudionici bili bi posebno nagra\u0111eni ljepotom pomaganja, jer bi samim sudjelovanjem pomogli u prikupljanju sredstava za nove bicikle i biciklisti\u010dku opremu, za djecu koja odrastaju u skrbi SOS Dje\u010djih sela u Hrvatskoj.<\/p>\n\n\n\n<p>Iz SOS Dje\u010djeg sela poru\u010duju:<\/p>\n\n\n\n<p>Biti sretno dijete za nas zna\u010di odrastati u sigurnom i mirnom obiteljskom okru\u017eenju. U\u017eivati u ljubavi i podr\u0161ci osoba od povjerenja i biti okru\u017een ljudima koji nas vole, po\u0161tuju i prihva\u0107aju. Smatramo da nijedno dijete ne bi smjelo odrastati samo i zato se ve\u0107 punih 30 godina trudimo pru\u017eati bri\u017ean dom za djecu bez odgovaraju\u0107e roditeljske skrbi.<\/p>\n\n\n\n<p>Djeca koja svoja odrastanje nastavljaju unutar SOS Dje\u010djih sela imaju mogu\u0107nost biti dijelom velike SOS obitelji. U takvoj obitelji djeca mogu biti djeca. Mogu biti \u0161togod po\u017eele. Tako ih svakodnevno poti\u010demo da se razvijaju u kreativnim i sportskim aktivnostima. Jedna od najdra\u017eih i najra\u0161irenijih jest upravo vo\u017enja biciklom. Gotovo svako dijete, od najmla\u0111ih vrti\u0107anaca, do starijih \u0161kolaraca, znaju voziti barem jednu &#8216;vrstu ljubimca na dva kota\u010da&#8217;.<\/p>\n\n\n\n<p>Bicikliranje nas ispunjava i jako veseli, pa sa sigurno\u0161\u0107u mo\u017eemo re\u0107i da &#8216;bicikliramo sa srcem&#8217;. Ba\u0161 kao i na\u0161 novi prijatelj gospodin Ivan Pu\u0161kari\u0107, koji je spojio ljepotu bicikliranja i pomo\u0107i djeci u potrebi, te pokrenuo akciju pod nazivom &#8216;Pedal With Heart&#8217;.<\/p>\n\n\n\n<p>Raspis:<\/p>\n\n\n\n<p>Start i cilj: Park dvorca Erd\u00f6dy, Jastrebarsko<\/p>\n\n\n\n<p>15. Svibnja 2022<\/p>\n\n\n\n<p>Vrijeme : 10:00h<\/p>\n\n\n\n<p>Du\u017eina staze: 42km srcolikog oblika<\/p>\n\n\n\n<p>Kotizacija: 100kn kotizacija u cijelosti ide za nabavku bicikala i opreme<\/p>\n\n\n\n<p>\u2022Prijava : <a href=\"https:\/\/www.stoperica.hr\/natjecanje\/pedal-with-heart-za-sos-djecje-selo-hrvatska\/91?fbclid=IwAR3h4n4WjBQsPj0Dg6Qlg1ihzvm9Dgkjn_6d-we-6qUOHmNOvGmL6gnrU-o\" rel=\"noreferrer noopener\" target=\"_blank\">https:\/\/www.stoperica.hr\/&#8230;\/pedal-with-heart-za-sos&#8230;\/91<\/a><\/p>\n\n\n\n<p>Uplatnica se generira nakon prijave pored Va\u0161eg imena<\/p>\n\n\n\n<p>Za sve sudionike osigurana medalja i okrijepa po zavr\u0161etku biciklijade<\/p>\n\n\n\n<p>Prvih 100 ktizacija dobiva i poklon sponzora<\/p>\n\n\n\n<p>Prijave otvorene do : 09. Svibnja 2022 <\/p>\n\n\n<div class=\"wp-block-image\">\n<figure class=\"aligncenter size-large\"><img loading=\"lazy\" decoding=\"async\" width=\"686\" height=\"1024\" src=\"https:\/\/pedalwithheart.com\/wp-content\/uploads\/2023\/01\/plakat-686x1024.jpg\" alt=\"\" class=\"wp-image-3766\" srcset=\"https:\/\/pedalwithheart.com\/wp-content\/uploads\/2023\/01\/plakat-686x1024.jpg 686w, https:\/\/pedalwithheart.com\/wp-content\/uploads\/2023\/01\/plakat-201x300.jpg 201w, https:\/\/pedalwithheart.com\/wp-content\/uploads\/2023\/01\/plakat-8x12.jpg 8w, https:\/\/pedalwithheart.com\/wp-content\/uploads\/2023\/01\/plakat-600x896.jpg 600w, https:\/\/pedalwithheart.com\/wp-content\/uploads\/2023\/01\/plakat.jpg 723w\" sizes=\"auto, (max-width: 686px) 100vw, 686px\" \/><\/figure>\n<\/div>","protected":false},"excerpt":{"rendered":"<p>Biciklizam je ne\u0161to sto povezuje sve generacije i nije samo prijevozno sredstvo. Pamtim prve vo\u017enje iz djetinjstva koje su mi priu\u0161tile neka nova poznanstva i zdrav oblik zabave. \u017delja mi je omogu\u0107iti tako ne\u0161to i djeci iz SOS Dje\u010djeg sela&#8230;<\/p>","protected":false},"author":3,"featured_media":3766,"comment_status":"closed","ping_status":"closed","sticky":false,"template":"","format":"standard","meta":{"footnotes":""},"categories":[157,21],"tags":[169,161,163,162,168,181,160],"class_list":["post-3765","post","type-post","status-publish","format-standard","has-post-thumbnail","hentry","category-jaskansko-srce","category-vijesti","tag-4endurance","tag-cycling","tag-gianthrvatska","tag-infinitybikeseat","tag-pedalwithheart","tag-sosdjecijeselohrvatska","tag-tiamobiteli"],"yoast_head":"<!-- This site is optimized with the Yoast SEO plugin v22.5 - https:\/\/yoast.com\/wordpress\/plugins\/seo\/ -->\n<title>Pedal with heart za SOS Dje\u010dije selo Hrvatska - Pedal With Heart<\/title>\n<meta name=\"robots\" content=\"index, follow, max-snippet:-1, max-image-preview:large, max-video-preview:-1\" \/>\n<link rel=\"canonical\" href=\"https:\/\/pedalwithheart.com\/en\/pedal-with-heart-za-sos-djecije-selo-hrvatska\/\" \/>\n<meta property=\"og:locale\" content=\"en_US\" \/>\n<meta property=\"og:type\" content=\"article\" \/>\n<meta property=\"og:title\" content=\"Pedal with heart za SOS Dje\u010dije selo Hrvatska - Pedal With Heart\" \/>\n<meta property=\"og:description\" content=\"Biciklizam je ne\u0161to sto povezuje sve generacije i nije samo prijevozno sredstvo. Pamtim prve vo\u017enje iz djetinjstva koje su mi priu\u0161tile neka nova poznanstva i zdrav oblik zabave. \u017delja mi je omogu\u0107iti tako ne\u0161to i djeci iz SOS Dje\u010djeg sela...\" \/>\n<meta property=\"og:url\" content=\"https:\/\/pedalwithheart.com\/en\/pedal-with-heart-za-sos-djecije-selo-hrvatska\/\" \/>\n<meta property=\"og:site_name\" content=\"Pedal With Heart\" \/>\n<meta property=\"article:publisher\" content=\"https:\/\/www.facebook.com\/pedalwithheart\" \/>\n<meta property=\"article:published_time\" content=\"2022-04-04T10:17:00+00:00\" \/>\n<meta property=\"article:modified_time\" content=\"2025-05-28T15:45:43+00:00\" \/>\n<meta property=\"og:image\" content=\"https:\/\/pedalwithheart.com\/wp-content\/uploads\/2023\/01\/plakat.jpg\" \/>\n\t<meta property=\"og:image:width\" content=\"723\" \/>\n\t<meta property=\"og:image:height\" content=\"1080\" \/>\n\t<meta property=\"og:image:type\" content=\"image\/jpeg\" \/>\n<meta name=\"author\" content=\"Ivan Pu\u0161kari\u0107\" \/>\n<meta name=\"twitter:card\" content=\"summary_large_image\" \/>\n<meta name=\"twitter:label1\" content=\"Written by\" \/>\n\t<meta name=\"twitter:data1\" content=\"Ivan Pu\u0161kari\u0107\" \/>\n\t<meta name=\"twitter:label2\" content=\"Est. reading time\" \/>\n\t<meta name=\"twitter:data2\" content=\"3 minutes\" \/>\n<script type=\"application\/ld+json\" class=\"yoast-schema-graph\">{\"@context\":\"https:\/\/schema.org\",\"@graph\":[{\"@type\":\"Article\",\"@id\":\"https:\/\/pedalwithheart.com\/pedal-with-heart-za-sos-djecije-selo-hrvatska\/#article\",\"isPartOf\":{\"@id\":\"https:\/\/pedalwithheart.com\/pedal-with-heart-za-sos-djecije-selo-hrvatska\/\"},\"author\":{\"name\":\"Ivan Pu\u0161kari\u0107\",\"@id\":\"https:\/\/3.74.107.63\/#\/schema\/person\/dc4e97166e2938305a9d931eef2d250c\"},\"headline\":\"Pedal with heart za SOS Dje\u010dije selo Hrvatska\",\"datePublished\":\"2022-04-04T10:17:00+00:00\",\"dateModified\":\"2025-05-28T15:45:43+00:00\",\"mainEntityOfPage\":{\"@id\":\"https:\/\/pedalwithheart.com\/pedal-with-heart-za-sos-djecije-selo-hrvatska\/\"},\"wordCount\":397,\"publisher\":{\"@id\":\"https:\/\/3.74.107.63\/#organization\"},\"image\":{\"@id\":\"https:\/\/pedalwithheart.com\/pedal-with-heart-za-sos-djecije-selo-hrvatska\/#primaryimage\"},\"thumbnailUrl\":\"https:\/\/pedalwithheart.com\/wp-content\/uploads\/2023\/01\/plakat.jpg\",\"keywords\":[\"#4endurance\",\"#cycling\",\"#gianthrvatska\",\"#Infinitybikeseat\",\"#pedalwithheart\",\"#sosdjecijeselohrvatska\",\"#tiamobiteli\"],\"articleSection\":[\"Jaskansko srce\",\"Vijest\"],\"inLanguage\":\"en-US\"},{\"@type\":\"WebPage\",\"@id\":\"https:\/\/pedalwithheart.com\/pedal-with-heart-za-sos-djecije-selo-hrvatska\/\",\"url\":\"https:\/\/pedalwithheart.com\/pedal-with-heart-za-sos-djecije-selo-hrvatska\/\",\"name\":\"Pedal with heart za SOS Dje\u010dije selo Hrvatska - Pedal With Heart\",\"isPartOf\":{\"@id\":\"https:\/\/3.74.107.63\/#website\"},\"primaryImageOfPage\":{\"@id\":\"https:\/\/pedalwithheart.com\/pedal-with-heart-za-sos-djecije-selo-hrvatska\/#primaryimage\"},\"image\":{\"@id\":\"https:\/\/pedalwithheart.com\/pedal-with-heart-za-sos-djecije-selo-hrvatska\/#primaryimage\"},\"thumbnailUrl\":\"https:\/\/pedalwithheart.com\/wp-content\/uploads\/2023\/01\/plakat.jpg\",\"datePublished\":\"2022-04-04T10:17:00+00:00\",\"dateModified\":\"2025-05-28T15:45:43+00:00\",\"breadcrumb\":{\"@id\":\"https:\/\/pedalwithheart.com\/pedal-with-heart-za-sos-djecije-selo-hrvatska\/#breadcrumb\"},\"inLanguage\":\"en-US\",\"potentialAction\":[{\"@type\":\"ReadAction\",\"target\":[\"https:\/\/pedalwithheart.com\/pedal-with-heart-za-sos-djecije-selo-hrvatska\/\"]}]},{\"@type\":\"ImageObject\",\"inLanguage\":\"en-US\",\"@id\":\"https:\/\/pedalwithheart.com\/pedal-with-heart-za-sos-djecije-selo-hrvatska\/#primaryimage\",\"url\":\"https:\/\/pedalwithheart.com\/wp-content\/uploads\/2023\/01\/plakat.jpg\",\"contentUrl\":\"https:\/\/pedalwithheart.com\/wp-content\/uploads\/2023\/01\/plakat.jpg\",\"width\":723,\"height\":1080},{\"@type\":\"BreadcrumbList\",\"@id\":\"https:\/\/pedalwithheart.com\/pedal-with-heart-za-sos-djecije-selo-hrvatska\/#breadcrumb\",\"itemListElement\":[{\"@type\":\"ListItem\",\"position\":1,\"name\":\"Home\",\"item\":\"https:\/\/3.74.107.63\/\"},{\"@type\":\"ListItem\",\"position\":2,\"name\":\"Pedal with heart za SOS Dje\u010dije selo Hrvatska\"}]},{\"@type\":\"WebSite\",\"@id\":\"https:\/\/3.74.107.63\/#website\",\"url\":\"https:\/\/3.74.107.63\/\",\"name\":\"Pedal With Heart\",\"description\":\"Ono \u0161to \u010dinimo za drugog \u010dinimo za sebe\",\"publisher\":{\"@id\":\"https:\/\/3.74.107.63\/#organization\"},\"potentialAction\":[{\"@type\":\"SearchAction\",\"target\":{\"@type\":\"EntryPoint\",\"urlTemplate\":\"https:\/\/3.74.107.63\/?s={search_term_string}\"},\"query-input\":\"required name=search_term_string\"}],\"inLanguage\":\"en-US\"},{\"@type\":\"Organization\",\"@id\":\"https:\/\/3.74.107.63\/#organization\",\"name\":\"Pedal With Heart\",\"url\":\"https:\/\/3.74.107.63\/\",\"logo\":{\"@type\":\"ImageObject\",\"inLanguage\":\"en-US\",\"@id\":\"https:\/\/3.74.107.63\/#\/schema\/logo\/image\/\",\"url\":\"https:\/\/pedalwithheart.com\/wp-content\/uploads\/2022\/07\/pedal-with-heart-fav.png\",\"contentUrl\":\"https:\/\/pedalwithheart.com\/wp-content\/uploads\/2022\/07\/pedal-with-heart-fav.png\",\"width\":270,\"height\":270,\"caption\":\"Pedal With Heart\"},\"image\":{\"@id\":\"https:\/\/3.74.107.63\/#\/schema\/logo\/image\/\"},\"sameAs\":[\"https:\/\/www.facebook.com\/pedalwithheart\",\"https:\/\/www.instagram.com\/pedal_with_heart\/\"]},{\"@type\":\"Person\",\"@id\":\"https:\/\/3.74.107.63\/#\/schema\/person\/dc4e97166e2938305a9d931eef2d250c\",\"name\":\"Ivan Pu\u0161kari\u0107\",\"image\":{\"@type\":\"ImageObject\",\"inLanguage\":\"en-US\",\"@id\":\"https:\/\/3.74.107.63\/#\/schema\/person\/image\/\",\"url\":\"https:\/\/secure.gravatar.com\/avatar\/0bb3c3bc329b61460699107108cadb83975e12655b20adaf9ae10eec163000bb?s=96&d=mm&r=g\",\"contentUrl\":\"https:\/\/secure.gravatar.com\/avatar\/0bb3c3bc329b61460699107108cadb83975e12655b20adaf9ae10eec163000bb?s=96&d=mm&r=g\",\"caption\":\"Ivan Pu\u0161kari\u0107\"},\"url\":\"https:\/\/pedalwithheart.com\/en\/author\/ivan\/\"}]}<\/script>\n<!-- \/ Yoast SEO plugin. -->","yoast_head_json":{"title":"Pedal with heart za SOS Dje\u010dije selo Hrvatska - Pedal With Heart","robots":{"index":"index","follow":"follow","max-snippet":"max-snippet:-1","max-image-preview":"max-image-preview:large","max-video-preview":"max-video-preview:-1"},"canonical":"https:\/\/pedalwithheart.com\/en\/pedal-with-heart-za-sos-djecije-selo-hrvatska\/","og_locale":"en_US","og_type":"article","og_title":"Pedal with heart za SOS Dje\u010dije selo Hrvatska - Pedal With Heart","og_description":"Biciklizam je ne\u0161to sto povezuje sve generacije i nije samo prijevozno sredstvo. Pamtim prve vo\u017enje iz djetinjstva koje su mi priu\u0161tile neka nova poznanstva i zdrav oblik zabave. \u017delja mi je omogu\u0107iti tako ne\u0161to i djeci iz SOS Dje\u010djeg sela...","og_url":"https:\/\/pedalwithheart.com\/en\/pedal-with-heart-za-sos-djecije-selo-hrvatska\/","og_site_name":"Pedal With Heart","article_publisher":"https:\/\/www.facebook.com\/pedalwithheart","article_published_time":"2022-04-04T10:17:00+00:00","article_modified_time":"2025-05-28T15:45:43+00:00","og_image":[{"width":723,"height":1080,"url":"https:\/\/pedalwithheart.com\/wp-content\/uploads\/2023\/01\/plakat.jpg","type":"image\/jpeg"}],"author":"Ivan Pu\u0161kari\u0107","twitter_card":"summary_large_image","twitter_misc":{"Written by":"Ivan Pu\u0161kari\u0107","Est. reading time":"3 minutes"},"schema":{"@context":"https:\/\/schema.org","@graph":[{"@type":"Article","@id":"https:\/\/pedalwithheart.com\/pedal-with-heart-za-sos-djecije-selo-hrvatska\/#article","isPartOf":{"@id":"https:\/\/pedalwithheart.com\/pedal-with-heart-za-sos-djecije-selo-hrvatska\/"},"author":{"name":"Ivan Pu\u0161kari\u0107","@id":"https:\/\/3.74.107.63\/#\/schema\/person\/dc4e97166e2938305a9d931eef2d250c"},"headline":"Pedal with heart za SOS Dje\u010dije selo Hrvatska","datePublished":"2022-04-04T10:17:00+00:00","dateModified":"2025-05-28T15:45:43+00:00","mainEntityOfPage":{"@id":"https:\/\/pedalwithheart.com\/pedal-with-heart-za-sos-djecije-selo-hrvatska\/"},"wordCount":397,"publisher":{"@id":"https:\/\/3.74.107.63\/#organization"},"image":{"@id":"https:\/\/pedalwithheart.com\/pedal-with-heart-za-sos-djecije-selo-hrvatska\/#primaryimage"},"thumbnailUrl":"https:\/\/pedalwithheart.com\/wp-content\/uploads\/2023\/01\/plakat.jpg","keywords":["#4endurance","#cycling","#gianthrvatska","#Infinitybikeseat","#pedalwithheart","#sosdjecijeselohrvatska","#tiamobiteli"],"articleSection":["Jaskansko srce","Vijest"],"inLanguage":"en-US"},{"@type":"WebPage","@id":"https:\/\/pedalwithheart.com\/pedal-with-heart-za-sos-djecije-selo-hrvatska\/","url":"https:\/\/pedalwithheart.com\/pedal-with-heart-za-sos-djecije-selo-hrvatska\/","name":"Pedal with heart za SOS Dje\u010dije selo Hrvatska - Pedal With Heart","isPartOf":{"@id":"https:\/\/3.74.107.63\/#website"},"primaryImageOfPage":{"@id":"https:\/\/pedalwithheart.com\/pedal-with-heart-za-sos-djecije-selo-hrvatska\/#primaryimage"},"image":{"@id":"https:\/\/pedalwithheart.com\/pedal-with-heart-za-sos-djecije-selo-hrvatska\/#primaryimage"},"thumbnailUrl":"https:\/\/pedalwithheart.com\/wp-content\/uploads\/2023\/01\/plakat.jpg","datePublished":"2022-04-04T10:17:00+00:00","dateModified":"2025-05-28T15:45:43+00:00","breadcrumb":{"@id":"https:\/\/pedalwithheart.com\/pedal-with-heart-za-sos-djecije-selo-hrvatska\/#breadcrumb"},"inLanguage":"en-US","potentialAction":[{"@type":"ReadAction","target":["https:\/\/pedalwithheart.com\/pedal-with-heart-za-sos-djecije-selo-hrvatska\/"]}]},{"@type":"ImageObject","inLanguage":"en-US","@id":"https:\/\/pedalwithheart.com\/pedal-with-heart-za-sos-djecije-selo-hrvatska\/#primaryimage","url":"https:\/\/pedalwithheart.com\/wp-content\/uploads\/2023\/01\/plakat.jpg","contentUrl":"https:\/\/pedalwithheart.com\/wp-content\/uploads\/2023\/01\/plakat.jpg","width":723,"height":1080},{"@type":"BreadcrumbList","@id":"https:\/\/pedalwithheart.com\/pedal-with-heart-za-sos-djecije-selo-hrvatska\/#breadcrumb","itemListElement":[{"@type":"ListItem","position":1,"name":"Home","item":"https:\/\/3.74.107.63\/"},{"@type":"ListItem","position":2,"name":"Pedal with heart za SOS Dje\u010dije selo Hrvatska"}]},{"@type":"WebSite","@id":"https:\/\/3.74.107.63\/#website","url":"https:\/\/3.74.107.63\/","name":"Pedal With Heart","description":"Ono \u0161to \u010dinimo za drugog \u010dinimo za sebe","publisher":{"@id":"https:\/\/3.74.107.63\/#organization"},"potentialAction":[{"@type":"SearchAction","target":{"@type":"EntryPoint","urlTemplate":"https:\/\/3.74.107.63\/?s={search_term_string}"},"query-input":"required name=search_term_string"}],"inLanguage":"en-US"},{"@type":"Organization","@id":"https:\/\/3.74.107.63\/#organization","name":"Pedal With Heart","url":"https:\/\/3.74.107.63\/","logo":{"@type":"ImageObject","inLanguage":"en-US","@id":"https:\/\/3.74.107.63\/#\/schema\/logo\/image\/","url":"https:\/\/pedalwithheart.com\/wp-content\/uploads\/2022\/07\/pedal-with-heart-fav.png","contentUrl":"https:\/\/pedalwithheart.com\/wp-content\/uploads\/2022\/07\/pedal-with-heart-fav.png","width":270,"height":270,"caption":"Pedal With Heart"},"image":{"@id":"https:\/\/3.74.107.63\/#\/schema\/logo\/image\/"},"sameAs":["https:\/\/www.facebook.com\/pedalwithheart","https:\/\/www.instagram.com\/pedal_with_heart\/"]},{"@type":"Person","@id":"https:\/\/3.74.107.63\/#\/schema\/person\/dc4e97166e2938305a9d931eef2d250c","name":"Ivan Pu\u0161kari\u0107","image":{"@type":"ImageObject","inLanguage":"en-US","@id":"https:\/\/3.74.107.63\/#\/schema\/person\/image\/","url":"https:\/\/secure.gravatar.com\/avatar\/0bb3c3bc329b61460699107108cadb83975e12655b20adaf9ae10eec163000bb?s=96&d=mm&r=g","contentUrl":"https:\/\/secure.gravatar.com\/avatar\/0bb3c3bc329b61460699107108cadb83975e12655b20adaf9ae10eec163000bb?s=96&d=mm&r=g","caption":"Ivan Pu\u0161kari\u0107"},"url":"https:\/\/pedalwithheart.com\/en\/author\/ivan\/"}]}},"_links":{"self":[{"href":"https:\/\/pedalwithheart.com\/en\/wp-json\/wp\/v2\/posts\/3765","targetHints":{"allow":["GET"]}}],"collection":[{"href":"https:\/\/pedalwithheart.com\/en\/wp-json\/wp\/v2\/posts"}],"about":[{"href":"https:\/\/pedalwithheart.com\/en\/wp-json\/wp\/v2\/types\/post"}],"author":[{"embeddable":true,"href":"https:\/\/pedalwithheart.com\/en\/wp-json\/wp\/v2\/users\/3"}],"replies":[{"embeddable":true,"href":"https:\/\/pedalwithheart.com\/en\/wp-json\/wp\/v2\/comments?post=3765"}],"version-history":[{"count":1,"href":"https:\/\/pedalwithheart.com\/en\/wp-json\/wp\/v2\/posts\/3765\/revisions"}],"predecessor-version":[{"id":3767,"href":"https:\/\/pedalwithheart.com\/en\/wp-json\/wp\/v2\/posts\/3765\/revisions\/3767"}],"wp:featuredmedia":[{"embeddable":true,"href":"https:\/\/pedalwithheart.com\/en\/wp-json\/wp\/v2\/media\/3766"}],"wp:attachment":[{"href":"https:\/\/pedalwithheart.com\/en\/wp-json\/wp\/v2\/media?parent=3765"}],"wp:term":[{"taxonomy":"category","embeddable":true,"href":"https:\/\/pedalwithheart.com\/en\/wp-json\/wp\/v2\/categories?post=3765"},{"taxonomy":"post_tag","embeddable":true,"href":"https:\/\/pedalwithheart.com\/en\/wp-json\/wp\/v2\/tags?post=3765"}],"curies":[{"name":"wp","href":"https:\/\/api.w.org\/{rel}","templated":true}]}}