{"id":3439,"date":"2020-09-21T18:37:00","date_gmt":"2020-09-21T18:37:00","guid":{"rendered":"https:\/\/pedalwithheart.com\/?p=3439"},"modified":"2025-05-28T16:46:18","modified_gmt":"2025-05-28T15:46:18","slug":"sluzbeno-smo-zavrsili-jednu-lijepu-humanitarno-sportsku-pricu","status":"publish","type":"post","link":"https:\/\/pedalwithheart.com\/en\/sluzbeno-smo-zavrsili-jednu-lijepu-humanitarno-sportsku-pricu\/","title":{"rendered":"Slu\u017ebeno smo zavr\u0161ili jednu lijepu humanitarno sportsku pri\u010du"},"content":{"rendered":"<p>Do\u0161ao je dan kad je projekt &#8220;Pedalom za Krijesnice &#8211; powered by TIA mobiteli&#8221; i slu\u017ebeno zavr\u0161io. <img loading=\"lazy\" decoding=\"async\" src=\"https:\/\/static.xx.fbcdn.net\/images\/emoji.php\/v9\/tb7\/1\/16\/1f917.png\" alt=\"\ud83e\udd17\" width=\"16\" height=\"16\"><\/p>\n\n\n\n<p> Projekt je slu\u017ebeno zapo\u010deo prije 2 mjeseca (ako ne ubrajamo doba prije covid-a), te smo od 1. kolovoza svi zajedno sa donacijama punili ra\u010dun na cinipravustvar.hr.<\/p>\n\n\n\n<p>Danas mo\u017eemo re\u0107i da smo svi zajedno uspjeli u vi\u0161e stvari.<\/p>\n\n\n\n<p>Uspjeli smo izvr\u0161iti izazov postavljen pred na\u0161eg inicijatora projekta Ivana Pu\u0161kari\u0107a, te uz Ivana na biciklu i na\u0161eg Marka Kosa i na\u0161eg Marka De\u0161u. <\/p>\n\n\n<div class=\"wp-block-image\">\n<figure class=\"aligncenter size-full is-resized\"><img loading=\"lazy\" decoding=\"async\" src=\"https:\/\/pedalwithheart.com\/wp-content\/uploads\/2022\/08\/337_n.jpg\" alt=\"\" class=\"wp-image-3440\" width=\"450\" height=\"300\"\/><\/figure>\n<\/div>\n\n\n<p> Uspjeli smo izvr\u0161iti izazov za ekipu u logistici Dra\u017eena Buketu i Tomislava Koleca. <\/p>\n\n\n<div class=\"wp-block-image\">\n<figure class=\"aligncenter size-full is-resized\"><img loading=\"lazy\" decoding=\"async\" src=\"https:\/\/pedalwithheart.com\/wp-content\/uploads\/2022\/08\/52n.jpg\" alt=\"\" class=\"wp-image-3441\" width=\"450\" height=\"300\"\/><\/figure>\n<\/div>\n\n\n<p> Ali ono \u0161to je najva\u017enije, za udrugu Krijesnicu i male borce uspje\u0161no smo svi zajedno uplatili 95.209,00 kn! <img loading=\"lazy\" decoding=\"async\" src=\"https:\/\/static.xx.fbcdn.net\/images\/emoji.php\/v9\/t6c\/1\/16\/2764.png\" alt=\"\u2764\" width=\"16\" height=\"16\"><img loading=\"lazy\" decoding=\"async\" src=\"https:\/\/static.xx.fbcdn.net\/images\/emoji.php\/v9\/t6c\/1\/16\/2764.png\" alt=\"\u2764\" width=\"16\" height=\"16\"><\/p>\n\n\n\n<p>Srce nam je ogromno, te je te\u0161ko opisati sve. Te\u0161ko je uop\u0107e pisati. Ponosni smo. Pokazali smo svi zajedno DA MO\u017dEMO. <\/p>\n\n\n\n<p>Iako bi voljeli nabrojati sve uklju\u010dene u projekt, ne\u0107emo. Jer nas ima jako puno. Hvala svim sponzorima i donatorima. <img loading=\"lazy\" decoding=\"async\" src=\"https:\/\/static.xx.fbcdn.net\/images\/emoji.php\/v9\/t6c\/1\/16\/2764.png\" alt=\"\u2764\" width=\"16\" height=\"16\"><\/p>\n\n\n\n<p>Svi Vi koji ste donirali sa svojim rukama zara\u0111enu kunu, svi Vi koji ste podijelili na\u0161e objave, svi Vi koji ste stavljali svoje lajkove na objave, HVALA VAM! Bez rije\u010di smo. Zaista. <img loading=\"lazy\" decoding=\"async\" src=\"https:\/\/static.xx.fbcdn.net\/images\/emoji.php\/v9\/t6c\/1\/16\/2764.png\" alt=\"\u2764\" width=\"16\" height=\"16\"><\/p>\n\n\n\n<p>Do neke druge prilike, lijepo Vas sve skupa pozdravljamo! \u010cuvajte se! <img loading=\"lazy\" decoding=\"async\" src=\"https:\/\/static.xx.fbcdn.net\/images\/emoji.php\/v9\/t6c\/1\/16\/2764.png\" alt=\"\u2764\" width=\"16\" height=\"16\"><img loading=\"lazy\" decoding=\"async\" src=\"https:\/\/static.xx.fbcdn.net\/images\/emoji.php\/v9\/t6c\/1\/16\/2764.png\" alt=\"\u2764\" width=\"16\" height=\"16\"><\/p>","protected":false},"excerpt":{"rendered":"<p>Do\u0161ao je dan kad je projekt &#8220;Pedalom za Krijesnice &#8211; powered by TIA mobiteli&#8221; i slu\u017ebeno zavr\u0161io. Projekt je slu\u017ebeno zapo\u010deo prije 2 mjeseca (ako ne ubrajamo doba prije covid-a), te smo od 1. kolovoza svi zajedno sa donacijama punili&#8230;<\/p>","protected":false},"author":3,"featured_media":3442,"comment_status":"closed","ping_status":"closed","sticky":false,"template":"","format":"standard","meta":{"footnotes":""},"categories":[155,21],"tags":[161,163,162,159,165,166,160,164],"class_list":["post-3439","post","type-post","status-publish","format-standard","has-post-thumbnail","hentry","category-pedalom-za-krijesnicu","category-vijesti","tag-cycling","tag-gianthrvatska","tag-infinitybikeseat","tag-pedalomzakrijesnicu","tag-polleosport","tag-quest","tag-tiamobiteli","tag-udrugakrijeesnica"],"yoast_head":"<!-- This site is optimized with the Yoast SEO plugin v22.5 - https:\/\/yoast.com\/wordpress\/plugins\/seo\/ -->\n<title>Slu\u017ebeno smo zavr\u0161ili jednu lijepu humanitarno sportsku pri\u010du - Pedal With Heart<\/title>\n<meta name=\"robots\" content=\"index, follow, max-snippet:-1, max-image-preview:large, max-video-preview:-1\" \/>\n<link rel=\"canonical\" href=\"https:\/\/pedalwithheart.com\/en\/sluzbeno-smo-zavrsili-jednu-lijepu-humanitarno-sportsku-pricu\/\" \/>\n<meta property=\"og:locale\" content=\"en_US\" \/>\n<meta property=\"og:type\" content=\"article\" \/>\n<meta property=\"og:title\" content=\"Slu\u017ebeno smo zavr\u0161ili jednu lijepu humanitarno sportsku pri\u010du - Pedal With Heart\" \/>\n<meta property=\"og:description\" content=\"Do\u0161ao je dan kad je projekt &#8220;Pedalom za Krijesnice &#8211; powered by TIA mobiteli&#8221; i slu\u017ebeno zavr\u0161io. Projekt je slu\u017ebeno zapo\u010deo prije 2 mjeseca (ako ne ubrajamo doba prije covid-a), te smo od 1. kolovoza svi zajedno sa donacijama punili...\" \/>\n<meta property=\"og:url\" content=\"https:\/\/pedalwithheart.com\/en\/sluzbeno-smo-zavrsili-jednu-lijepu-humanitarno-sportsku-pricu\/\" \/>\n<meta property=\"og:site_name\" content=\"Pedal With Heart\" \/>\n<meta property=\"article:publisher\" content=\"https:\/\/www.facebook.com\/pedalwithheart\" \/>\n<meta property=\"article:published_time\" content=\"2020-09-21T18:37:00+00:00\" \/>\n<meta property=\"article:modified_time\" content=\"2025-05-28T15:46:18+00:00\" \/>\n<meta property=\"og:image\" content=\"https:\/\/pedalwithheart.com\/wp-content\/uploads\/2022\/08\/56n.jpg\" \/>\n\t<meta property=\"og:image:width\" content=\"960\" \/>\n\t<meta property=\"og:image:height\" content=\"640\" \/>\n\t<meta property=\"og:image:type\" content=\"image\/jpeg\" \/>\n<meta name=\"author\" content=\"Ivan Pu\u0161kari\u0107\" \/>\n<meta name=\"twitter:card\" content=\"summary_large_image\" \/>\n<meta name=\"twitter:label1\" content=\"Written by\" \/>\n\t<meta name=\"twitter:data1\" content=\"Ivan Pu\u0161kari\u0107\" \/>\n\t<meta name=\"twitter:label2\" content=\"Est. reading time\" \/>\n\t<meta name=\"twitter:data2\" content=\"3 minutes\" \/>\n<script type=\"application\/ld+json\" class=\"yoast-schema-graph\">{\"@context\":\"https:\/\/schema.org\",\"@graph\":[{\"@type\":\"Article\",\"@id\":\"https:\/\/pedalwithheart.com\/sluzbeno-smo-zavrsili-jednu-lijepu-humanitarno-sportsku-pricu\/#article\",\"isPartOf\":{\"@id\":\"https:\/\/pedalwithheart.com\/sluzbeno-smo-zavrsili-jednu-lijepu-humanitarno-sportsku-pricu\/\"},\"author\":{\"name\":\"Ivan Pu\u0161kari\u0107\",\"@id\":\"https:\/\/3.74.107.63\/#\/schema\/person\/dc4e97166e2938305a9d931eef2d250c\"},\"headline\":\"Slu\u017ebeno smo zavr\u0161ili jednu lijepu humanitarno sportsku pri\u010du\",\"datePublished\":\"2020-09-21T18:37:00+00:00\",\"dateModified\":\"2025-05-28T15:46:18+00:00\",\"mainEntityOfPage\":{\"@id\":\"https:\/\/pedalwithheart.com\/sluzbeno-smo-zavrsili-jednu-lijepu-humanitarno-sportsku-pricu\/\"},\"wordCount\":230,\"publisher\":{\"@id\":\"https:\/\/3.74.107.63\/#organization\"},\"image\":{\"@id\":\"https:\/\/pedalwithheart.com\/sluzbeno-smo-zavrsili-jednu-lijepu-humanitarno-sportsku-pricu\/#primaryimage\"},\"thumbnailUrl\":\"https:\/\/pedalwithheart.com\/wp-content\/uploads\/2022\/08\/56n.jpg\",\"keywords\":[\"#cycling\",\"#gianthrvatska\",\"#Infinitybikeseat\",\"#pedalomzakrijesnicu\",\"#polleosport\",\"#quest\",\"#tiamobiteli\",\"#udrugakrijeesnica\"],\"articleSection\":[\"Pedalom za Krijesnicu\",\"Vijest\"],\"inLanguage\":\"en-US\"},{\"@type\":\"WebPage\",\"@id\":\"https:\/\/pedalwithheart.com\/sluzbeno-smo-zavrsili-jednu-lijepu-humanitarno-sportsku-pricu\/\",\"url\":\"https:\/\/pedalwithheart.com\/sluzbeno-smo-zavrsili-jednu-lijepu-humanitarno-sportsku-pricu\/\",\"name\":\"Slu\u017ebeno smo zavr\u0161ili jednu lijepu humanitarno sportsku pri\u010du - Pedal With Heart\",\"isPartOf\":{\"@id\":\"https:\/\/3.74.107.63\/#website\"},\"primaryImageOfPage\":{\"@id\":\"https:\/\/pedalwithheart.com\/sluzbeno-smo-zavrsili-jednu-lijepu-humanitarno-sportsku-pricu\/#primaryimage\"},\"image\":{\"@id\":\"https:\/\/pedalwithheart.com\/sluzbeno-smo-zavrsili-jednu-lijepu-humanitarno-sportsku-pricu\/#primaryimage\"},\"thumbnailUrl\":\"https:\/\/pedalwithheart.com\/wp-content\/uploads\/2022\/08\/56n.jpg\",\"datePublished\":\"2020-09-21T18:37:00+00:00\",\"dateModified\":\"2025-05-28T15:46:18+00:00\",\"breadcrumb\":{\"@id\":\"https:\/\/pedalwithheart.com\/sluzbeno-smo-zavrsili-jednu-lijepu-humanitarno-sportsku-pricu\/#breadcrumb\"},\"inLanguage\":\"en-US\",\"potentialAction\":[{\"@type\":\"ReadAction\",\"target\":[\"https:\/\/pedalwithheart.com\/sluzbeno-smo-zavrsili-jednu-lijepu-humanitarno-sportsku-pricu\/\"]}]},{\"@type\":\"ImageObject\",\"inLanguage\":\"en-US\",\"@id\":\"https:\/\/pedalwithheart.com\/sluzbeno-smo-zavrsili-jednu-lijepu-humanitarno-sportsku-pricu\/#primaryimage\",\"url\":\"https:\/\/pedalwithheart.com\/wp-content\/uploads\/2022\/08\/56n.jpg\",\"contentUrl\":\"https:\/\/pedalwithheart.com\/wp-content\/uploads\/2022\/08\/56n.jpg\",\"width\":960,\"height\":640},{\"@type\":\"BreadcrumbList\",\"@id\":\"https:\/\/pedalwithheart.com\/sluzbeno-smo-zavrsili-jednu-lijepu-humanitarno-sportsku-pricu\/#breadcrumb\",\"itemListElement\":[{\"@type\":\"ListItem\",\"position\":1,\"name\":\"Home\",\"item\":\"https:\/\/3.74.107.63\/\"},{\"@type\":\"ListItem\",\"position\":2,\"name\":\"Slu\u017ebeno smo zavr\u0161ili jednu lijepu humanitarno sportsku pri\u010du\"}]},{\"@type\":\"WebSite\",\"@id\":\"https:\/\/3.74.107.63\/#website\",\"url\":\"https:\/\/3.74.107.63\/\",\"name\":\"Pedal With Heart\",\"description\":\"Ono \u0161to \u010dinimo za drugog \u010dinimo za sebe\",\"publisher\":{\"@id\":\"https:\/\/3.74.107.63\/#organization\"},\"potentialAction\":[{\"@type\":\"SearchAction\",\"target\":{\"@type\":\"EntryPoint\",\"urlTemplate\":\"https:\/\/3.74.107.63\/?s={search_term_string}\"},\"query-input\":\"required name=search_term_string\"}],\"inLanguage\":\"en-US\"},{\"@type\":\"Organization\",\"@id\":\"https:\/\/3.74.107.63\/#organization\",\"name\":\"Pedal With Heart\",\"url\":\"https:\/\/3.74.107.63\/\",\"logo\":{\"@type\":\"ImageObject\",\"inLanguage\":\"en-US\",\"@id\":\"https:\/\/3.74.107.63\/#\/schema\/logo\/image\/\",\"url\":\"https:\/\/pedalwithheart.com\/wp-content\/uploads\/2022\/07\/pedal-with-heart-fav.png\",\"contentUrl\":\"https:\/\/pedalwithheart.com\/wp-content\/uploads\/2022\/07\/pedal-with-heart-fav.png\",\"width\":270,\"height\":270,\"caption\":\"Pedal With Heart\"},\"image\":{\"@id\":\"https:\/\/3.74.107.63\/#\/schema\/logo\/image\/\"},\"sameAs\":[\"https:\/\/www.facebook.com\/pedalwithheart\",\"https:\/\/www.instagram.com\/pedal_with_heart\/\"]},{\"@type\":\"Person\",\"@id\":\"https:\/\/3.74.107.63\/#\/schema\/person\/dc4e97166e2938305a9d931eef2d250c\",\"name\":\"Ivan Pu\u0161kari\u0107\",\"image\":{\"@type\":\"ImageObject\",\"inLanguage\":\"en-US\",\"@id\":\"https:\/\/3.74.107.63\/#\/schema\/person\/image\/\",\"url\":\"https:\/\/secure.gravatar.com\/avatar\/0bb3c3bc329b61460699107108cadb83975e12655b20adaf9ae10eec163000bb?s=96&d=mm&r=g\",\"contentUrl\":\"https:\/\/secure.gravatar.com\/avatar\/0bb3c3bc329b61460699107108cadb83975e12655b20adaf9ae10eec163000bb?s=96&d=mm&r=g\",\"caption\":\"Ivan Pu\u0161kari\u0107\"},\"url\":\"https:\/\/pedalwithheart.com\/en\/author\/ivan\/\"}]}<\/script>\n<!-- \/ Yoast SEO plugin. -->","yoast_head_json":{"title":"Slu\u017ebeno smo zavr\u0161ili jednu lijepu humanitarno sportsku pri\u010du - Pedal With Heart","robots":{"index":"index","follow":"follow","max-snippet":"max-snippet:-1","max-image-preview":"max-image-preview:large","max-video-preview":"max-video-preview:-1"},"canonical":"https:\/\/pedalwithheart.com\/en\/sluzbeno-smo-zavrsili-jednu-lijepu-humanitarno-sportsku-pricu\/","og_locale":"en_US","og_type":"article","og_title":"Slu\u017ebeno smo zavr\u0161ili jednu lijepu humanitarno sportsku pri\u010du - Pedal With Heart","og_description":"Do\u0161ao je dan kad je projekt &#8220;Pedalom za Krijesnice &#8211; powered by TIA mobiteli&#8221; i slu\u017ebeno zavr\u0161io. Projekt je slu\u017ebeno zapo\u010deo prije 2 mjeseca (ako ne ubrajamo doba prije covid-a), te smo od 1. kolovoza svi zajedno sa donacijama punili...","og_url":"https:\/\/pedalwithheart.com\/en\/sluzbeno-smo-zavrsili-jednu-lijepu-humanitarno-sportsku-pricu\/","og_site_name":"Pedal With Heart","article_publisher":"https:\/\/www.facebook.com\/pedalwithheart","article_published_time":"2020-09-21T18:37:00+00:00","article_modified_time":"2025-05-28T15:46:18+00:00","og_image":[{"width":960,"height":640,"url":"https:\/\/pedalwithheart.com\/wp-content\/uploads\/2022\/08\/56n.jpg","type":"image\/jpeg"}],"author":"Ivan Pu\u0161kari\u0107","twitter_card":"summary_large_image","twitter_misc":{"Written by":"Ivan Pu\u0161kari\u0107","Est. reading time":"3 minutes"},"schema":{"@context":"https:\/\/schema.org","@graph":[{"@type":"Article","@id":"https:\/\/pedalwithheart.com\/sluzbeno-smo-zavrsili-jednu-lijepu-humanitarno-sportsku-pricu\/#article","isPartOf":{"@id":"https:\/\/pedalwithheart.com\/sluzbeno-smo-zavrsili-jednu-lijepu-humanitarno-sportsku-pricu\/"},"author":{"name":"Ivan Pu\u0161kari\u0107","@id":"https:\/\/3.74.107.63\/#\/schema\/person\/dc4e97166e2938305a9d931eef2d250c"},"headline":"Slu\u017ebeno smo zavr\u0161ili jednu lijepu humanitarno sportsku pri\u010du","datePublished":"2020-09-21T18:37:00+00:00","dateModified":"2025-05-28T15:46:18+00:00","mainEntityOfPage":{"@id":"https:\/\/pedalwithheart.com\/sluzbeno-smo-zavrsili-jednu-lijepu-humanitarno-sportsku-pricu\/"},"wordCount":230,"publisher":{"@id":"https:\/\/3.74.107.63\/#organization"},"image":{"@id":"https:\/\/pedalwithheart.com\/sluzbeno-smo-zavrsili-jednu-lijepu-humanitarno-sportsku-pricu\/#primaryimage"},"thumbnailUrl":"https:\/\/pedalwithheart.com\/wp-content\/uploads\/2022\/08\/56n.jpg","keywords":["#cycling","#gianthrvatska","#Infinitybikeseat","#pedalomzakrijesnicu","#polleosport","#quest","#tiamobiteli","#udrugakrijeesnica"],"articleSection":["Pedalom za Krijesnicu","Vijest"],"inLanguage":"en-US"},{"@type":"WebPage","@id":"https:\/\/pedalwithheart.com\/sluzbeno-smo-zavrsili-jednu-lijepu-humanitarno-sportsku-pricu\/","url":"https:\/\/pedalwithheart.com\/sluzbeno-smo-zavrsili-jednu-lijepu-humanitarno-sportsku-pricu\/","name":"Slu\u017ebeno smo zavr\u0161ili jednu lijepu humanitarno sportsku pri\u010du - Pedal With Heart","isPartOf":{"@id":"https:\/\/3.74.107.63\/#website"},"primaryImageOfPage":{"@id":"https:\/\/pedalwithheart.com\/sluzbeno-smo-zavrsili-jednu-lijepu-humanitarno-sportsku-pricu\/#primaryimage"},"image":{"@id":"https:\/\/pedalwithheart.com\/sluzbeno-smo-zavrsili-jednu-lijepu-humanitarno-sportsku-pricu\/#primaryimage"},"thumbnailUrl":"https:\/\/pedalwithheart.com\/wp-content\/uploads\/2022\/08\/56n.jpg","datePublished":"2020-09-21T18:37:00+00:00","dateModified":"2025-05-28T15:46:18+00:00","breadcrumb":{"@id":"https:\/\/pedalwithheart.com\/sluzbeno-smo-zavrsili-jednu-lijepu-humanitarno-sportsku-pricu\/#breadcrumb"},"inLanguage":"en-US","potentialAction":[{"@type":"ReadAction","target":["https:\/\/pedalwithheart.com\/sluzbeno-smo-zavrsili-jednu-lijepu-humanitarno-sportsku-pricu\/"]}]},{"@type":"ImageObject","inLanguage":"en-US","@id":"https:\/\/pedalwithheart.com\/sluzbeno-smo-zavrsili-jednu-lijepu-humanitarno-sportsku-pricu\/#primaryimage","url":"https:\/\/pedalwithheart.com\/wp-content\/uploads\/2022\/08\/56n.jpg","contentUrl":"https:\/\/pedalwithheart.com\/wp-content\/uploads\/2022\/08\/56n.jpg","width":960,"height":640},{"@type":"BreadcrumbList","@id":"https:\/\/pedalwithheart.com\/sluzbeno-smo-zavrsili-jednu-lijepu-humanitarno-sportsku-pricu\/#breadcrumb","itemListElement":[{"@type":"ListItem","position":1,"name":"Home","item":"https:\/\/3.74.107.63\/"},{"@type":"ListItem","position":2,"name":"Slu\u017ebeno smo zavr\u0161ili jednu lijepu humanitarno sportsku pri\u010du"}]},{"@type":"WebSite","@id":"https:\/\/3.74.107.63\/#website","url":"https:\/\/3.74.107.63\/","name":"Pedal With Heart","description":"Ono \u0161to \u010dinimo za drugog \u010dinimo za sebe","publisher":{"@id":"https:\/\/3.74.107.63\/#organization"},"potentialAction":[{"@type":"SearchAction","target":{"@type":"EntryPoint","urlTemplate":"https:\/\/3.74.107.63\/?s={search_term_string}"},"query-input":"required name=search_term_string"}],"inLanguage":"en-US"},{"@type":"Organization","@id":"https:\/\/3.74.107.63\/#organization","name":"Pedal With Heart","url":"https:\/\/3.74.107.63\/","logo":{"@type":"ImageObject","inLanguage":"en-US","@id":"https:\/\/3.74.107.63\/#\/schema\/logo\/image\/","url":"https:\/\/pedalwithheart.com\/wp-content\/uploads\/2022\/07\/pedal-with-heart-fav.png","contentUrl":"https:\/\/pedalwithheart.com\/wp-content\/uploads\/2022\/07\/pedal-with-heart-fav.png","width":270,"height":270,"caption":"Pedal With Heart"},"image":{"@id":"https:\/\/3.74.107.63\/#\/schema\/logo\/image\/"},"sameAs":["https:\/\/www.facebook.com\/pedalwithheart","https:\/\/www.instagram.com\/pedal_with_heart\/"]},{"@type":"Person","@id":"https:\/\/3.74.107.63\/#\/schema\/person\/dc4e97166e2938305a9d931eef2d250c","name":"Ivan Pu\u0161kari\u0107","image":{"@type":"ImageObject","inLanguage":"en-US","@id":"https:\/\/3.74.107.63\/#\/schema\/person\/image\/","url":"https:\/\/secure.gravatar.com\/avatar\/0bb3c3bc329b61460699107108cadb83975e12655b20adaf9ae10eec163000bb?s=96&d=mm&r=g","contentUrl":"https:\/\/secure.gravatar.com\/avatar\/0bb3c3bc329b61460699107108cadb83975e12655b20adaf9ae10eec163000bb?s=96&d=mm&r=g","caption":"Ivan Pu\u0161kari\u0107"},"url":"https:\/\/pedalwithheart.com\/en\/author\/ivan\/"}]}},"_links":{"self":[{"href":"https:\/\/pedalwithheart.com\/en\/wp-json\/wp\/v2\/posts\/3439","targetHints":{"allow":["GET"]}}],"collection":[{"href":"https:\/\/pedalwithheart.com\/en\/wp-json\/wp\/v2\/posts"}],"about":[{"href":"https:\/\/pedalwithheart.com\/en\/wp-json\/wp\/v2\/types\/post"}],"author":[{"embeddable":true,"href":"https:\/\/pedalwithheart.com\/en\/wp-json\/wp\/v2\/users\/3"}],"replies":[{"embeddable":true,"href":"https:\/\/pedalwithheart.com\/en\/wp-json\/wp\/v2\/comments?post=3439"}],"version-history":[{"count":2,"href":"https:\/\/pedalwithheart.com\/en\/wp-json\/wp\/v2\/posts\/3439\/revisions"}],"predecessor-version":[{"id":3444,"href":"https:\/\/pedalwithheart.com\/en\/wp-json\/wp\/v2\/posts\/3439\/revisions\/3444"}],"wp:featuredmedia":[{"embeddable":true,"href":"https:\/\/pedalwithheart.com\/en\/wp-json\/wp\/v2\/media\/3442"}],"wp:attachment":[{"href":"https:\/\/pedalwithheart.com\/en\/wp-json\/wp\/v2\/media?parent=3439"}],"wp:term":[{"taxonomy":"category","embeddable":true,"href":"https:\/\/pedalwithheart.com\/en\/wp-json\/wp\/v2\/categories?post=3439"},{"taxonomy":"post_tag","embeddable":true,"href":"https:\/\/pedalwithheart.com\/en\/wp-json\/wp\/v2\/tags?post=3439"}],"curies":[{"name":"wp","href":"https:\/\/api.w.org\/{rel}","templated":true}]}}