{"id":3432,"date":"2020-08-01T18:20:00","date_gmt":"2020-08-01T18:20:00","guid":{"rendered":"https:\/\/pedalwithheart.com\/?p=3432"},"modified":"2022-09-28T21:28:32","modified_gmt":"2022-09-28T21:28:32","slug":"prezentacija-dresa-i-novog-clana","status":"publish","type":"post","link":"https:\/\/pedalwithheart.com\/en\/prezentacija-dresa-i-novog-clana\/","title":{"rendered":"Prezentacija dresa i novog \u010dlana"},"content":{"rendered":"<p>Vrijeme otkucava, bli\u017ei se po\u010detak ovoga ogromnog pothvata. De\u010dki velikoga srca, Ivan i Marko su dobili i tre\u0107e poja\u010danje, Marka De\u0161u, koji je osvojio izazov &#8220;Ironman&#8221; te se odlu\u010dio pridru\u017eiti de\u010dkima i biciklirati u novom izazovu, za Krijesnicu! <\/p>\n\n\n\n<p>Marko Kos i Ivan Pu\u0161kari\u0107 prdstavili su dres u kojem \u0107e biti prepoznati na sportsko humanitarnom izazovu.<\/p>\n\n\n\n<div class=\"wp-block-group\"><div class=\"wp-block-group__inner-container is-layout-flow wp-block-group-is-layout-flow\">\n<figure class=\"wp-block-gallery has-nested-images columns-default is-cropped wp-block-gallery-1 is-layout-flex wp-block-gallery-is-layout-flex\">\n<figure class=\"wp-block-image size-large\"><img loading=\"lazy\" decoding=\"async\" width=\"400\" height=\"600\" data-id=\"3434\" src=\"https:\/\/pedalwithheart.com\/wp-content\/uploads\/2022\/08\/kosn.jpg\" alt=\"\" class=\"wp-image-3434\" srcset=\"https:\/\/pedalwithheart.com\/wp-content\/uploads\/2022\/08\/kosn.jpg 400w, https:\/\/pedalwithheart.com\/wp-content\/uploads\/2022\/08\/kosn-200x300.jpg 200w\" sizes=\"auto, (max-width: 400px) 100vw, 400px\" \/><\/figure>\n\n\n\n<figure class=\"wp-block-image size-large\"><img loading=\"lazy\" decoding=\"async\" width=\"400\" height=\"600\" data-id=\"3433\" src=\"https:\/\/pedalwithheart.com\/wp-content\/uploads\/2022\/08\/sj.jpg\" alt=\"\" class=\"wp-image-3433\" srcset=\"https:\/\/pedalwithheart.com\/wp-content\/uploads\/2022\/08\/sj.jpg 400w, https:\/\/pedalwithheart.com\/wp-content\/uploads\/2022\/08\/sj-200x300.jpg 200w\" sizes=\"auto, (max-width: 400px) 100vw, 400px\" \/><\/figure>\n\n\n\n<figure class=\"wp-block-image size-large\"><img loading=\"lazy\" decoding=\"async\" width=\"400\" height=\"600\" data-id=\"3435\" src=\"https:\/\/pedalwithheart.com\/wp-content\/uploads\/2022\/08\/pus_n.jpg\" alt=\"\" class=\"wp-image-3435\" srcset=\"https:\/\/pedalwithheart.com\/wp-content\/uploads\/2022\/08\/pus_n.jpg 400w, https:\/\/pedalwithheart.com\/wp-content\/uploads\/2022\/08\/pus_n-200x300.jpg 200w\" sizes=\"auto, (max-width: 400px) 100vw, 400px\" \/><\/figure>\n<\/figure>\n<\/div><\/div>\n\n\n\n<p>Photo by  Luk\u0161a Marotti<\/p>","protected":false},"excerpt":{"rendered":"<p>Vrijeme otkucava, bli\u017ei se po\u010detak ovoga ogromnog pothvata. De\u010dki velikoga srca, Ivan i Marko su dobili i tre\u0107e poja\u010danje, Marka De\u0161u, koji je osvojio izazov &#8220;Ironman&#8221; te se odlu\u010dio pridru\u017eiti de\u010dkima i biciklirati u novom izazovu, za Krijesnicu! Marko Kos&#8230;<\/p>","protected":false},"author":3,"featured_media":3437,"comment_status":"closed","ping_status":"closed","sticky":false,"template":"","format":"standard","meta":{"footnotes":""},"categories":[155,154,21],"tags":[161,163,162,159,165,166,160,164],"class_list":["post-3432","post","type-post","status-publish","format-standard","has-post-thumbnail","hentry","category-pedalom-za-krijesnicu","category-projekti","category-vijesti","tag-cycling","tag-gianthrvatska","tag-infinitybikeseat","tag-pedalomzakrijesnicu","tag-polleosport","tag-quest","tag-tiamobiteli","tag-udrugakrijeesnica"],"yoast_head":"<!-- This site is optimized with the Yoast SEO plugin v22.5 - https:\/\/yoast.com\/wordpress\/plugins\/seo\/ -->\n<title>Prezentacija dresa i novog \u010dlana - Pedal With Heart<\/title>\n<meta name=\"robots\" content=\"index, follow, max-snippet:-1, max-image-preview:large, max-video-preview:-1\" \/>\n<link rel=\"canonical\" href=\"https:\/\/pedalwithheart.com\/en\/prezentacija-dresa-i-novog-clana\/\" \/>\n<meta property=\"og:locale\" content=\"en_US\" \/>\n<meta property=\"og:type\" content=\"article\" \/>\n<meta property=\"og:title\" content=\"Prezentacija dresa i novog \u010dlana - Pedal With Heart\" \/>\n<meta property=\"og:description\" content=\"Vrijeme otkucava, bli\u017ei se po\u010detak ovoga ogromnog pothvata. De\u010dki velikoga srca, Ivan i Marko su dobili i tre\u0107e poja\u010danje, Marka De\u0161u, koji je osvojio izazov &#8220;Ironman&#8221; te se odlu\u010dio pridru\u017eiti de\u010dkima i biciklirati u novom izazovu, za Krijesnicu! Marko Kos...\" \/>\n<meta property=\"og:url\" content=\"https:\/\/pedalwithheart.com\/en\/prezentacija-dresa-i-novog-clana\/\" \/>\n<meta property=\"og:site_name\" content=\"Pedal With Heart\" \/>\n<meta property=\"article:publisher\" content=\"https:\/\/www.facebook.com\/pedalwithheart\" \/>\n<meta property=\"article:published_time\" content=\"2020-08-01T18:20:00+00:00\" \/>\n<meta property=\"article:modified_time\" content=\"2022-09-28T21:28:32+00:00\" \/>\n<meta property=\"og:image\" content=\"https:\/\/pedalwithheart.com\/wp-content\/uploads\/2022\/08\/ddan.jpg\" \/>\n\t<meta property=\"og:image:width\" content=\"960\" \/>\n\t<meta property=\"og:image:height\" content=\"640\" \/>\n\t<meta property=\"og:image:type\" content=\"image\/jpeg\" \/>\n<meta name=\"author\" content=\"Ivan Pu\u0161kari\u0107\" \/>\n<meta name=\"twitter:card\" content=\"summary_large_image\" \/>\n<meta name=\"twitter:label1\" content=\"Written by\" \/>\n\t<meta name=\"twitter:data1\" content=\"Ivan Pu\u0161kari\u0107\" \/>\n<script type=\"application\/ld+json\" class=\"yoast-schema-graph\">{\"@context\":\"https:\/\/schema.org\",\"@graph\":[{\"@type\":\"Article\",\"@id\":\"https:\/\/pedalwithheart.com\/prezentacija-dresa-i-novog-clana\/#article\",\"isPartOf\":{\"@id\":\"https:\/\/pedalwithheart.com\/prezentacija-dresa-i-novog-clana\/\"},\"author\":{\"name\":\"Ivan Pu\u0161kari\u0107\",\"@id\":\"https:\/\/3.74.107.63\/#\/schema\/person\/dc4e97166e2938305a9d931eef2d250c\"},\"headline\":\"Prezentacija dresa i novog \u010dlana\",\"datePublished\":\"2020-08-01T18:20:00+00:00\",\"dateModified\":\"2022-09-28T21:28:32+00:00\",\"mainEntityOfPage\":{\"@id\":\"https:\/\/pedalwithheart.com\/prezentacija-dresa-i-novog-clana\/\"},\"wordCount\":75,\"publisher\":{\"@id\":\"https:\/\/3.74.107.63\/#organization\"},\"image\":{\"@id\":\"https:\/\/pedalwithheart.com\/prezentacija-dresa-i-novog-clana\/#primaryimage\"},\"thumbnailUrl\":\"https:\/\/pedalwithheart.com\/wp-content\/uploads\/2022\/08\/ddan.jpg\",\"keywords\":[\"#cycling\",\"#gianthrvatska\",\"#Infinitybikeseat\",\"#pedalomzakrijesnicu\",\"#polleosport\",\"#quest\",\"#tiamobiteli\",\"#udrugakrijeesnica\"],\"articleSection\":[\"Pedalom za Krijesnicu\",\"Projekti\",\"Vijest\"],\"inLanguage\":\"en-US\"},{\"@type\":\"WebPage\",\"@id\":\"https:\/\/pedalwithheart.com\/prezentacija-dresa-i-novog-clana\/\",\"url\":\"https:\/\/pedalwithheart.com\/prezentacija-dresa-i-novog-clana\/\",\"name\":\"Prezentacija dresa i novog \u010dlana - Pedal With Heart\",\"isPartOf\":{\"@id\":\"https:\/\/3.74.107.63\/#website\"},\"primaryImageOfPage\":{\"@id\":\"https:\/\/pedalwithheart.com\/prezentacija-dresa-i-novog-clana\/#primaryimage\"},\"image\":{\"@id\":\"https:\/\/pedalwithheart.com\/prezentacija-dresa-i-novog-clana\/#primaryimage\"},\"thumbnailUrl\":\"https:\/\/pedalwithheart.com\/wp-content\/uploads\/2022\/08\/ddan.jpg\",\"datePublished\":\"2020-08-01T18:20:00+00:00\",\"dateModified\":\"2022-09-28T21:28:32+00:00\",\"breadcrumb\":{\"@id\":\"https:\/\/pedalwithheart.com\/prezentacija-dresa-i-novog-clana\/#breadcrumb\"},\"inLanguage\":\"en-US\",\"potentialAction\":[{\"@type\":\"ReadAction\",\"target\":[\"https:\/\/pedalwithheart.com\/prezentacija-dresa-i-novog-clana\/\"]}]},{\"@type\":\"ImageObject\",\"inLanguage\":\"en-US\",\"@id\":\"https:\/\/pedalwithheart.com\/prezentacija-dresa-i-novog-clana\/#primaryimage\",\"url\":\"https:\/\/pedalwithheart.com\/wp-content\/uploads\/2022\/08\/ddan.jpg\",\"contentUrl\":\"https:\/\/pedalwithheart.com\/wp-content\/uploads\/2022\/08\/ddan.jpg\",\"width\":960,\"height\":640},{\"@type\":\"BreadcrumbList\",\"@id\":\"https:\/\/pedalwithheart.com\/prezentacija-dresa-i-novog-clana\/#breadcrumb\",\"itemListElement\":[{\"@type\":\"ListItem\",\"position\":1,\"name\":\"Home\",\"item\":\"https:\/\/3.74.107.63\/\"},{\"@type\":\"ListItem\",\"position\":2,\"name\":\"Prezentacija dresa i novog \u010dlana\"}]},{\"@type\":\"WebSite\",\"@id\":\"https:\/\/3.74.107.63\/#website\",\"url\":\"https:\/\/3.74.107.63\/\",\"name\":\"Pedal With Heart\",\"description\":\"Ono \u0161to \u010dinimo za drugog \u010dinimo za sebe\",\"publisher\":{\"@id\":\"https:\/\/3.74.107.63\/#organization\"},\"potentialAction\":[{\"@type\":\"SearchAction\",\"target\":{\"@type\":\"EntryPoint\",\"urlTemplate\":\"https:\/\/3.74.107.63\/?s={search_term_string}\"},\"query-input\":\"required name=search_term_string\"}],\"inLanguage\":\"en-US\"},{\"@type\":\"Organization\",\"@id\":\"https:\/\/3.74.107.63\/#organization\",\"name\":\"Pedal With Heart\",\"url\":\"https:\/\/3.74.107.63\/\",\"logo\":{\"@type\":\"ImageObject\",\"inLanguage\":\"en-US\",\"@id\":\"https:\/\/3.74.107.63\/#\/schema\/logo\/image\/\",\"url\":\"https:\/\/pedalwithheart.com\/wp-content\/uploads\/2022\/07\/pedal-with-heart-fav.png\",\"contentUrl\":\"https:\/\/pedalwithheart.com\/wp-content\/uploads\/2022\/07\/pedal-with-heart-fav.png\",\"width\":270,\"height\":270,\"caption\":\"Pedal With Heart\"},\"image\":{\"@id\":\"https:\/\/3.74.107.63\/#\/schema\/logo\/image\/\"},\"sameAs\":[\"https:\/\/www.facebook.com\/pedalwithheart\",\"https:\/\/www.instagram.com\/pedal_with_heart\/\"]},{\"@type\":\"Person\",\"@id\":\"https:\/\/3.74.107.63\/#\/schema\/person\/dc4e97166e2938305a9d931eef2d250c\",\"name\":\"Ivan Pu\u0161kari\u0107\",\"image\":{\"@type\":\"ImageObject\",\"inLanguage\":\"en-US\",\"@id\":\"https:\/\/3.74.107.63\/#\/schema\/person\/image\/\",\"url\":\"https:\/\/secure.gravatar.com\/avatar\/0bb3c3bc329b61460699107108cadb83975e12655b20adaf9ae10eec163000bb?s=96&d=mm&r=g\",\"contentUrl\":\"https:\/\/secure.gravatar.com\/avatar\/0bb3c3bc329b61460699107108cadb83975e12655b20adaf9ae10eec163000bb?s=96&d=mm&r=g\",\"caption\":\"Ivan Pu\u0161kari\u0107\"},\"url\":\"https:\/\/pedalwithheart.com\/en\/author\/ivan\/\"}]}<\/script>\n<!-- \/ Yoast SEO plugin. -->","yoast_head_json":{"title":"Prezentacija dresa i novog \u010dlana - Pedal With Heart","robots":{"index":"index","follow":"follow","max-snippet":"max-snippet:-1","max-image-preview":"max-image-preview:large","max-video-preview":"max-video-preview:-1"},"canonical":"https:\/\/pedalwithheart.com\/en\/prezentacija-dresa-i-novog-clana\/","og_locale":"en_US","og_type":"article","og_title":"Prezentacija dresa i novog \u010dlana - Pedal With Heart","og_description":"Vrijeme otkucava, bli\u017ei se po\u010detak ovoga ogromnog pothvata. De\u010dki velikoga srca, Ivan i Marko su dobili i tre\u0107e poja\u010danje, Marka De\u0161u, koji je osvojio izazov &#8220;Ironman&#8221; te se odlu\u010dio pridru\u017eiti de\u010dkima i biciklirati u novom izazovu, za Krijesnicu! Marko Kos...","og_url":"https:\/\/pedalwithheart.com\/en\/prezentacija-dresa-i-novog-clana\/","og_site_name":"Pedal With Heart","article_publisher":"https:\/\/www.facebook.com\/pedalwithheart","article_published_time":"2020-08-01T18:20:00+00:00","article_modified_time":"2022-09-28T21:28:32+00:00","og_image":[{"width":960,"height":640,"url":"https:\/\/pedalwithheart.com\/wp-content\/uploads\/2022\/08\/ddan.jpg","type":"image\/jpeg"}],"author":"Ivan Pu\u0161kari\u0107","twitter_card":"summary_large_image","twitter_misc":{"Written by":"Ivan Pu\u0161kari\u0107"},"schema":{"@context":"https:\/\/schema.org","@graph":[{"@type":"Article","@id":"https:\/\/pedalwithheart.com\/prezentacija-dresa-i-novog-clana\/#article","isPartOf":{"@id":"https:\/\/pedalwithheart.com\/prezentacija-dresa-i-novog-clana\/"},"author":{"name":"Ivan Pu\u0161kari\u0107","@id":"https:\/\/3.74.107.63\/#\/schema\/person\/dc4e97166e2938305a9d931eef2d250c"},"headline":"Prezentacija dresa i novog \u010dlana","datePublished":"2020-08-01T18:20:00+00:00","dateModified":"2022-09-28T21:28:32+00:00","mainEntityOfPage":{"@id":"https:\/\/pedalwithheart.com\/prezentacija-dresa-i-novog-clana\/"},"wordCount":75,"publisher":{"@id":"https:\/\/3.74.107.63\/#organization"},"image":{"@id":"https:\/\/pedalwithheart.com\/prezentacija-dresa-i-novog-clana\/#primaryimage"},"thumbnailUrl":"https:\/\/pedalwithheart.com\/wp-content\/uploads\/2022\/08\/ddan.jpg","keywords":["#cycling","#gianthrvatska","#Infinitybikeseat","#pedalomzakrijesnicu","#polleosport","#quest","#tiamobiteli","#udrugakrijeesnica"],"articleSection":["Pedalom za Krijesnicu","Projekti","Vijest"],"inLanguage":"en-US"},{"@type":"WebPage","@id":"https:\/\/pedalwithheart.com\/prezentacija-dresa-i-novog-clana\/","url":"https:\/\/pedalwithheart.com\/prezentacija-dresa-i-novog-clana\/","name":"Prezentacija dresa i novog \u010dlana - Pedal With Heart","isPartOf":{"@id":"https:\/\/3.74.107.63\/#website"},"primaryImageOfPage":{"@id":"https:\/\/pedalwithheart.com\/prezentacija-dresa-i-novog-clana\/#primaryimage"},"image":{"@id":"https:\/\/pedalwithheart.com\/prezentacija-dresa-i-novog-clana\/#primaryimage"},"thumbnailUrl":"https:\/\/pedalwithheart.com\/wp-content\/uploads\/2022\/08\/ddan.jpg","datePublished":"2020-08-01T18:20:00+00:00","dateModified":"2022-09-28T21:28:32+00:00","breadcrumb":{"@id":"https:\/\/pedalwithheart.com\/prezentacija-dresa-i-novog-clana\/#breadcrumb"},"inLanguage":"en-US","potentialAction":[{"@type":"ReadAction","target":["https:\/\/pedalwithheart.com\/prezentacija-dresa-i-novog-clana\/"]}]},{"@type":"ImageObject","inLanguage":"en-US","@id":"https:\/\/pedalwithheart.com\/prezentacija-dresa-i-novog-clana\/#primaryimage","url":"https:\/\/pedalwithheart.com\/wp-content\/uploads\/2022\/08\/ddan.jpg","contentUrl":"https:\/\/pedalwithheart.com\/wp-content\/uploads\/2022\/08\/ddan.jpg","width":960,"height":640},{"@type":"BreadcrumbList","@id":"https:\/\/pedalwithheart.com\/prezentacija-dresa-i-novog-clana\/#breadcrumb","itemListElement":[{"@type":"ListItem","position":1,"name":"Home","item":"https:\/\/3.74.107.63\/"},{"@type":"ListItem","position":2,"name":"Prezentacija dresa i novog \u010dlana"}]},{"@type":"WebSite","@id":"https:\/\/3.74.107.63\/#website","url":"https:\/\/3.74.107.63\/","name":"Pedal With Heart","description":"Ono \u0161to \u010dinimo za drugog \u010dinimo za sebe","publisher":{"@id":"https:\/\/3.74.107.63\/#organization"},"potentialAction":[{"@type":"SearchAction","target":{"@type":"EntryPoint","urlTemplate":"https:\/\/3.74.107.63\/?s={search_term_string}"},"query-input":"required name=search_term_string"}],"inLanguage":"en-US"},{"@type":"Organization","@id":"https:\/\/3.74.107.63\/#organization","name":"Pedal With Heart","url":"https:\/\/3.74.107.63\/","logo":{"@type":"ImageObject","inLanguage":"en-US","@id":"https:\/\/3.74.107.63\/#\/schema\/logo\/image\/","url":"https:\/\/pedalwithheart.com\/wp-content\/uploads\/2022\/07\/pedal-with-heart-fav.png","contentUrl":"https:\/\/pedalwithheart.com\/wp-content\/uploads\/2022\/07\/pedal-with-heart-fav.png","width":270,"height":270,"caption":"Pedal With Heart"},"image":{"@id":"https:\/\/3.74.107.63\/#\/schema\/logo\/image\/"},"sameAs":["https:\/\/www.facebook.com\/pedalwithheart","https:\/\/www.instagram.com\/pedal_with_heart\/"]},{"@type":"Person","@id":"https:\/\/3.74.107.63\/#\/schema\/person\/dc4e97166e2938305a9d931eef2d250c","name":"Ivan Pu\u0161kari\u0107","image":{"@type":"ImageObject","inLanguage":"en-US","@id":"https:\/\/3.74.107.63\/#\/schema\/person\/image\/","url":"https:\/\/secure.gravatar.com\/avatar\/0bb3c3bc329b61460699107108cadb83975e12655b20adaf9ae10eec163000bb?s=96&d=mm&r=g","contentUrl":"https:\/\/secure.gravatar.com\/avatar\/0bb3c3bc329b61460699107108cadb83975e12655b20adaf9ae10eec163000bb?s=96&d=mm&r=g","caption":"Ivan Pu\u0161kari\u0107"},"url":"https:\/\/pedalwithheart.com\/en\/author\/ivan\/"}]}},"_links":{"self":[{"href":"https:\/\/pedalwithheart.com\/en\/wp-json\/wp\/v2\/posts\/3432","targetHints":{"allow":["GET"]}}],"collection":[{"href":"https:\/\/pedalwithheart.com\/en\/wp-json\/wp\/v2\/posts"}],"about":[{"href":"https:\/\/pedalwithheart.com\/en\/wp-json\/wp\/v2\/types\/post"}],"author":[{"embeddable":true,"href":"https:\/\/pedalwithheart.com\/en\/wp-json\/wp\/v2\/users\/3"}],"replies":[{"embeddable":true,"href":"https:\/\/pedalwithheart.com\/en\/wp-json\/wp\/v2\/comments?post=3432"}],"version-history":[{"count":1,"href":"https:\/\/pedalwithheart.com\/en\/wp-json\/wp\/v2\/posts\/3432\/revisions"}],"predecessor-version":[{"id":3438,"href":"https:\/\/pedalwithheart.com\/en\/wp-json\/wp\/v2\/posts\/3432\/revisions\/3438"}],"wp:featuredmedia":[{"embeddable":true,"href":"https:\/\/pedalwithheart.com\/en\/wp-json\/wp\/v2\/media\/3437"}],"wp:attachment":[{"href":"https:\/\/pedalwithheart.com\/en\/wp-json\/wp\/v2\/media?parent=3432"}],"wp:term":[{"taxonomy":"category","embeddable":true,"href":"https:\/\/pedalwithheart.com\/en\/wp-json\/wp\/v2\/categories?post=3432"},{"taxonomy":"post_tag","embeddable":true,"href":"https:\/\/pedalwithheart.com\/en\/wp-json\/wp\/v2\/tags?post=3432"}],"curies":[{"name":"wp","href":"https:\/\/api.w.org\/{rel}","templated":true}]}}