{"id":3397,"date":"2020-08-15T07:00:00","date_gmt":"2020-08-15T07:00:00","guid":{"rendered":"https:\/\/pedalwithheart.com\/?p=3397"},"modified":"2025-05-28T16:46:37","modified_gmt":"2025-05-28T15:46:37","slug":"vrijeme-je-da-se-krene","status":"publish","type":"post","link":"https:\/\/pedalwithheart.com\/en\/vrijeme-je-da-se-krene\/","title":{"rendered":"Vrijeme je da se krene"},"content":{"rendered":"<h1 class=\"wp-block-heading\">Jaskanac Ivan Pu\u0161kari\u0107 i prijatelji krenuli biciklom obi\u0107i granicu Hrvatske u 12 dana<\/h1>\n\n\n\n<p><\/p>\n\n\n\n<p>Jaskanac Ivan Pu\u0161kari\u0107 zajedno s Markom De\u0161om i Markom Kosom biciklom \u0107e kroz 12 dana obi\u0107i granicu Hrvatske. Pothvat je to humanitarnog karaktera kojim Pu\u0161kari\u0107 \u017eeli podr\u017eati Udrugu Krijesnica, odnosno podi\u0107i svijest da postoji sve vi\u0161e djece oboljele od malignih bolesti o \u010demu bi se trebalo vi\u0161e razgovarati i prema mogu\u0107nostima pru\u017eiti financijsku podr\u0161ku.<\/p>\n\n\n\n<p>Na dvanaestodnevno putovanje krenuli su sa Strossmayerovog trga u Jastrebarskom, na Veliku Gospu, u 7 i 30 sati ujutro. De\u010dke su ispratili i dali im podr\u0161ku njihovi suradnici, prijatelji i donatori. Pothvat Pedalom za krijesnice odu\u0161evio je sve u Udruzi Krijesnica. Mihael Severinac iz Udruge Krijesnica rekao je kako su ovakve humanitarne akcije potrebne.<\/p>\n\n\n<div class=\"wp-block-image\">\n<figure class=\"aligncenter size-large\"><img loading=\"lazy\" decoding=\"async\" width=\"1024\" height=\"576\" src=\"https:\/\/pedalwithheart.com\/wp-content\/uploads\/2022\/08\/20200815_073231-scaled-1-1024x576.jpg\" alt=\"\" class=\"wp-image-3398\" srcset=\"https:\/\/pedalwithheart.com\/wp-content\/uploads\/2022\/08\/20200815_073231-scaled-1-1024x576.jpg 1024w, https:\/\/pedalwithheart.com\/wp-content\/uploads\/2022\/08\/20200815_073231-scaled-1-300x169.jpg 300w, https:\/\/pedalwithheart.com\/wp-content\/uploads\/2022\/08\/20200815_073231-scaled-1-768x432.jpg 768w, https:\/\/pedalwithheart.com\/wp-content\/uploads\/2022\/08\/20200815_073231-scaled-1-1536x864.jpg 1536w, https:\/\/pedalwithheart.com\/wp-content\/uploads\/2022\/08\/20200815_073231-scaled-1-2048x1152.jpg 2048w, https:\/\/pedalwithheart.com\/wp-content\/uploads\/2022\/08\/20200815_073231-scaled-1-600x338.jpg 600w\" sizes=\"auto, (max-width: 1024px) 100vw, 1024px\" \/><\/figure>\n<\/div>\n\n\n<p>Jo\u0161 uvijek ima puno ljudi koji misle da je rak prijenosna bolest, tumori su jo\u0161 uvijek tabu tema, posebno kada se spominju djeca. Ovakvim humanitarnim akcijama situacija se mijenja i poti\u010de se ljude na edukaciju, ispri\u010dao je Severinac.<\/p>\n\n\n\n<p>Financijska sredstva za djecu oboljelu od malignih bolesti mogu se donirati od 10 kuna pa nadalje putem portala www.cinipravustvar.hr. Ovaj humanitarni izazov je nazvan \u2018Pedalom za Krijesnice.<\/p>","protected":false},"excerpt":{"rendered":"<p>Jaskanac Ivan Pu\u0161kari\u0107 i prijatelji krenuli biciklom obi\u0107i granicu Hrvatske u 12 dana Jaskanac Ivan Pu\u0161kari\u0107 zajedno s Markom De\u0161om i Markom Kosom biciklom \u0107e kroz 12 dana obi\u0107i granicu Hrvatske. Pothvat je to humanitarnog karaktera kojim Pu\u0161kari\u0107 \u017eeli podr\u017eati&#8230;<\/p>","protected":false},"author":3,"featured_media":3403,"comment_status":"closed","ping_status":"closed","sticky":false,"template":"","format":"standard","meta":{"footnotes":""},"categories":[155,154,21],"tags":[161,163,162,167,159,165,166,160,164],"class_list":["post-3397","post","type-post","status-publish","format-standard","has-post-thumbnail","hentry","category-pedalom-za-krijesnicu","category-projekti","category-vijesti","tag-cycling","tag-gianthrvatska","tag-infinitybikeseat","tag-jamnica","tag-pedalomzakrijesnicu","tag-polleosport","tag-quest","tag-tiamobiteli","tag-udrugakrijeesnica"],"yoast_head":"<!-- This site is optimized with the Yoast SEO plugin v22.5 - https:\/\/yoast.com\/wordpress\/plugins\/seo\/ -->\n<title>Vrijeme je da se krene - Pedal With Heart<\/title>\n<meta name=\"robots\" content=\"index, follow, max-snippet:-1, max-image-preview:large, max-video-preview:-1\" \/>\n<link rel=\"canonical\" href=\"https:\/\/pedalwithheart.com\/en\/vrijeme-je-da-se-krene\/\" \/>\n<meta property=\"og:locale\" content=\"en_US\" \/>\n<meta property=\"og:type\" content=\"article\" \/>\n<meta property=\"og:title\" content=\"Vrijeme je da se krene - Pedal With Heart\" \/>\n<meta property=\"og:description\" content=\"Jaskanac Ivan Pu\u0161kari\u0107 i prijatelji krenuli biciklom obi\u0107i granicu Hrvatske u 12 dana Jaskanac Ivan Pu\u0161kari\u0107 zajedno s Markom De\u0161om i Markom Kosom biciklom \u0107e kroz 12 dana obi\u0107i granicu Hrvatske. Pothvat je to humanitarnog karaktera kojim Pu\u0161kari\u0107 \u017eeli podr\u017eati...\" \/>\n<meta property=\"og:url\" content=\"https:\/\/pedalwithheart.com\/en\/vrijeme-je-da-se-krene\/\" \/>\n<meta property=\"og:site_name\" content=\"Pedal With Heart\" \/>\n<meta property=\"article:publisher\" content=\"https:\/\/www.facebook.com\/pedalwithheart\" \/>\n<meta property=\"article:published_time\" content=\"2020-08-15T07:00:00+00:00\" \/>\n<meta property=\"article:modified_time\" content=\"2025-05-28T15:46:37+00:00\" \/>\n<meta property=\"og:image\" content=\"https:\/\/pedalwithheart.com\/wp-content\/uploads\/2022\/08\/pwh1.jpg\" \/>\n\t<meta property=\"og:image:width\" content=\"913\" \/>\n\t<meta property=\"og:image:height\" content=\"721\" \/>\n\t<meta property=\"og:image:type\" content=\"image\/jpeg\" \/>\n<meta name=\"author\" content=\"Ivan Pu\u0161kari\u0107\" \/>\n<meta name=\"twitter:card\" content=\"summary_large_image\" \/>\n<meta name=\"twitter:label1\" content=\"Written by\" \/>\n\t<meta name=\"twitter:data1\" content=\"Ivan Pu\u0161kari\u0107\" \/>\n\t<meta name=\"twitter:label2\" content=\"Est. reading time\" \/>\n\t<meta name=\"twitter:data2\" content=\"2 minutes\" \/>\n<script type=\"application\/ld+json\" class=\"yoast-schema-graph\">{\"@context\":\"https:\/\/schema.org\",\"@graph\":[{\"@type\":\"Article\",\"@id\":\"https:\/\/pedalwithheart.com\/vrijeme-je-da-se-krene\/#article\",\"isPartOf\":{\"@id\":\"https:\/\/pedalwithheart.com\/vrijeme-je-da-se-krene\/\"},\"author\":{\"name\":\"Ivan Pu\u0161kari\u0107\",\"@id\":\"https:\/\/3.74.107.63\/#\/schema\/person\/dc4e97166e2938305a9d931eef2d250c\"},\"headline\":\"Vrijeme je da se krene\",\"datePublished\":\"2020-08-15T07:00:00+00:00\",\"dateModified\":\"2025-05-28T15:46:37+00:00\",\"mainEntityOfPage\":{\"@id\":\"https:\/\/pedalwithheart.com\/vrijeme-je-da-se-krene\/\"},\"wordCount\":206,\"publisher\":{\"@id\":\"https:\/\/3.74.107.63\/#organization\"},\"image\":{\"@id\":\"https:\/\/pedalwithheart.com\/vrijeme-je-da-se-krene\/#primaryimage\"},\"thumbnailUrl\":\"https:\/\/pedalwithheart.com\/wp-content\/uploads\/2022\/08\/pwh1.jpg\",\"keywords\":[\"#cycling\",\"#gianthrvatska\",\"#Infinitybikeseat\",\"#jamnica\",\"#pedalomzakrijesnicu\",\"#polleosport\",\"#quest\",\"#tiamobiteli\",\"#udrugakrijeesnica\"],\"articleSection\":[\"Pedalom za Krijesnicu\",\"Projekti\",\"Vijest\"],\"inLanguage\":\"en-US\"},{\"@type\":\"WebPage\",\"@id\":\"https:\/\/pedalwithheart.com\/vrijeme-je-da-se-krene\/\",\"url\":\"https:\/\/pedalwithheart.com\/vrijeme-je-da-se-krene\/\",\"name\":\"Vrijeme je da se krene - Pedal With Heart\",\"isPartOf\":{\"@id\":\"https:\/\/3.74.107.63\/#website\"},\"primaryImageOfPage\":{\"@id\":\"https:\/\/pedalwithheart.com\/vrijeme-je-da-se-krene\/#primaryimage\"},\"image\":{\"@id\":\"https:\/\/pedalwithheart.com\/vrijeme-je-da-se-krene\/#primaryimage\"},\"thumbnailUrl\":\"https:\/\/pedalwithheart.com\/wp-content\/uploads\/2022\/08\/pwh1.jpg\",\"datePublished\":\"2020-08-15T07:00:00+00:00\",\"dateModified\":\"2025-05-28T15:46:37+00:00\",\"breadcrumb\":{\"@id\":\"https:\/\/pedalwithheart.com\/vrijeme-je-da-se-krene\/#breadcrumb\"},\"inLanguage\":\"en-US\",\"potentialAction\":[{\"@type\":\"ReadAction\",\"target\":[\"https:\/\/pedalwithheart.com\/vrijeme-je-da-se-krene\/\"]}]},{\"@type\":\"ImageObject\",\"inLanguage\":\"en-US\",\"@id\":\"https:\/\/pedalwithheart.com\/vrijeme-je-da-se-krene\/#primaryimage\",\"url\":\"https:\/\/pedalwithheart.com\/wp-content\/uploads\/2022\/08\/pwh1.jpg\",\"contentUrl\":\"https:\/\/pedalwithheart.com\/wp-content\/uploads\/2022\/08\/pwh1.jpg\",\"width\":913,\"height\":721},{\"@type\":\"BreadcrumbList\",\"@id\":\"https:\/\/pedalwithheart.com\/vrijeme-je-da-se-krene\/#breadcrumb\",\"itemListElement\":[{\"@type\":\"ListItem\",\"position\":1,\"name\":\"Home\",\"item\":\"https:\/\/3.74.107.63\/\"},{\"@type\":\"ListItem\",\"position\":2,\"name\":\"Vrijeme je da se krene\"}]},{\"@type\":\"WebSite\",\"@id\":\"https:\/\/3.74.107.63\/#website\",\"url\":\"https:\/\/3.74.107.63\/\",\"name\":\"Pedal With Heart\",\"description\":\"Ono \u0161to \u010dinimo za drugog \u010dinimo za sebe\",\"publisher\":{\"@id\":\"https:\/\/3.74.107.63\/#organization\"},\"potentialAction\":[{\"@type\":\"SearchAction\",\"target\":{\"@type\":\"EntryPoint\",\"urlTemplate\":\"https:\/\/3.74.107.63\/?s={search_term_string}\"},\"query-input\":\"required name=search_term_string\"}],\"inLanguage\":\"en-US\"},{\"@type\":\"Organization\",\"@id\":\"https:\/\/3.74.107.63\/#organization\",\"name\":\"Pedal With Heart\",\"url\":\"https:\/\/3.74.107.63\/\",\"logo\":{\"@type\":\"ImageObject\",\"inLanguage\":\"en-US\",\"@id\":\"https:\/\/3.74.107.63\/#\/schema\/logo\/image\/\",\"url\":\"https:\/\/pedalwithheart.com\/wp-content\/uploads\/2022\/07\/pedal-with-heart-fav.png\",\"contentUrl\":\"https:\/\/pedalwithheart.com\/wp-content\/uploads\/2022\/07\/pedal-with-heart-fav.png\",\"width\":270,\"height\":270,\"caption\":\"Pedal With Heart\"},\"image\":{\"@id\":\"https:\/\/3.74.107.63\/#\/schema\/logo\/image\/\"},\"sameAs\":[\"https:\/\/www.facebook.com\/pedalwithheart\",\"https:\/\/www.instagram.com\/pedal_with_heart\/\"]},{\"@type\":\"Person\",\"@id\":\"https:\/\/3.74.107.63\/#\/schema\/person\/dc4e97166e2938305a9d931eef2d250c\",\"name\":\"Ivan Pu\u0161kari\u0107\",\"image\":{\"@type\":\"ImageObject\",\"inLanguage\":\"en-US\",\"@id\":\"https:\/\/3.74.107.63\/#\/schema\/person\/image\/\",\"url\":\"https:\/\/secure.gravatar.com\/avatar\/0bb3c3bc329b61460699107108cadb83975e12655b20adaf9ae10eec163000bb?s=96&d=mm&r=g\",\"contentUrl\":\"https:\/\/secure.gravatar.com\/avatar\/0bb3c3bc329b61460699107108cadb83975e12655b20adaf9ae10eec163000bb?s=96&d=mm&r=g\",\"caption\":\"Ivan Pu\u0161kari\u0107\"},\"url\":\"https:\/\/pedalwithheart.com\/en\/author\/ivan\/\"}]}<\/script>\n<!-- \/ Yoast SEO plugin. -->","yoast_head_json":{"title":"Vrijeme je da se krene - Pedal With Heart","robots":{"index":"index","follow":"follow","max-snippet":"max-snippet:-1","max-image-preview":"max-image-preview:large","max-video-preview":"max-video-preview:-1"},"canonical":"https:\/\/pedalwithheart.com\/en\/vrijeme-je-da-se-krene\/","og_locale":"en_US","og_type":"article","og_title":"Vrijeme je da se krene - Pedal With Heart","og_description":"Jaskanac Ivan Pu\u0161kari\u0107 i prijatelji krenuli biciklom obi\u0107i granicu Hrvatske u 12 dana Jaskanac Ivan Pu\u0161kari\u0107 zajedno s Markom De\u0161om i Markom Kosom biciklom \u0107e kroz 12 dana obi\u0107i granicu Hrvatske. Pothvat je to humanitarnog karaktera kojim Pu\u0161kari\u0107 \u017eeli podr\u017eati...","og_url":"https:\/\/pedalwithheart.com\/en\/vrijeme-je-da-se-krene\/","og_site_name":"Pedal With Heart","article_publisher":"https:\/\/www.facebook.com\/pedalwithheart","article_published_time":"2020-08-15T07:00:00+00:00","article_modified_time":"2025-05-28T15:46:37+00:00","og_image":[{"width":913,"height":721,"url":"https:\/\/pedalwithheart.com\/wp-content\/uploads\/2022\/08\/pwh1.jpg","type":"image\/jpeg"}],"author":"Ivan Pu\u0161kari\u0107","twitter_card":"summary_large_image","twitter_misc":{"Written by":"Ivan Pu\u0161kari\u0107","Est. reading time":"2 minutes"},"schema":{"@context":"https:\/\/schema.org","@graph":[{"@type":"Article","@id":"https:\/\/pedalwithheart.com\/vrijeme-je-da-se-krene\/#article","isPartOf":{"@id":"https:\/\/pedalwithheart.com\/vrijeme-je-da-se-krene\/"},"author":{"name":"Ivan Pu\u0161kari\u0107","@id":"https:\/\/3.74.107.63\/#\/schema\/person\/dc4e97166e2938305a9d931eef2d250c"},"headline":"Vrijeme je da se krene","datePublished":"2020-08-15T07:00:00+00:00","dateModified":"2025-05-28T15:46:37+00:00","mainEntityOfPage":{"@id":"https:\/\/pedalwithheart.com\/vrijeme-je-da-se-krene\/"},"wordCount":206,"publisher":{"@id":"https:\/\/3.74.107.63\/#organization"},"image":{"@id":"https:\/\/pedalwithheart.com\/vrijeme-je-da-se-krene\/#primaryimage"},"thumbnailUrl":"https:\/\/pedalwithheart.com\/wp-content\/uploads\/2022\/08\/pwh1.jpg","keywords":["#cycling","#gianthrvatska","#Infinitybikeseat","#jamnica","#pedalomzakrijesnicu","#polleosport","#quest","#tiamobiteli","#udrugakrijeesnica"],"articleSection":["Pedalom za Krijesnicu","Projekti","Vijest"],"inLanguage":"en-US"},{"@type":"WebPage","@id":"https:\/\/pedalwithheart.com\/vrijeme-je-da-se-krene\/","url":"https:\/\/pedalwithheart.com\/vrijeme-je-da-se-krene\/","name":"Vrijeme je da se krene - Pedal With Heart","isPartOf":{"@id":"https:\/\/3.74.107.63\/#website"},"primaryImageOfPage":{"@id":"https:\/\/pedalwithheart.com\/vrijeme-je-da-se-krene\/#primaryimage"},"image":{"@id":"https:\/\/pedalwithheart.com\/vrijeme-je-da-se-krene\/#primaryimage"},"thumbnailUrl":"https:\/\/pedalwithheart.com\/wp-content\/uploads\/2022\/08\/pwh1.jpg","datePublished":"2020-08-15T07:00:00+00:00","dateModified":"2025-05-28T15:46:37+00:00","breadcrumb":{"@id":"https:\/\/pedalwithheart.com\/vrijeme-je-da-se-krene\/#breadcrumb"},"inLanguage":"en-US","potentialAction":[{"@type":"ReadAction","target":["https:\/\/pedalwithheart.com\/vrijeme-je-da-se-krene\/"]}]},{"@type":"ImageObject","inLanguage":"en-US","@id":"https:\/\/pedalwithheart.com\/vrijeme-je-da-se-krene\/#primaryimage","url":"https:\/\/pedalwithheart.com\/wp-content\/uploads\/2022\/08\/pwh1.jpg","contentUrl":"https:\/\/pedalwithheart.com\/wp-content\/uploads\/2022\/08\/pwh1.jpg","width":913,"height":721},{"@type":"BreadcrumbList","@id":"https:\/\/pedalwithheart.com\/vrijeme-je-da-se-krene\/#breadcrumb","itemListElement":[{"@type":"ListItem","position":1,"name":"Home","item":"https:\/\/3.74.107.63\/"},{"@type":"ListItem","position":2,"name":"Vrijeme je da se krene"}]},{"@type":"WebSite","@id":"https:\/\/3.74.107.63\/#website","url":"https:\/\/3.74.107.63\/","name":"Pedal With Heart","description":"Ono \u0161to \u010dinimo za drugog \u010dinimo za sebe","publisher":{"@id":"https:\/\/3.74.107.63\/#organization"},"potentialAction":[{"@type":"SearchAction","target":{"@type":"EntryPoint","urlTemplate":"https:\/\/3.74.107.63\/?s={search_term_string}"},"query-input":"required name=search_term_string"}],"inLanguage":"en-US"},{"@type":"Organization","@id":"https:\/\/3.74.107.63\/#organization","name":"Pedal With Heart","url":"https:\/\/3.74.107.63\/","logo":{"@type":"ImageObject","inLanguage":"en-US","@id":"https:\/\/3.74.107.63\/#\/schema\/logo\/image\/","url":"https:\/\/pedalwithheart.com\/wp-content\/uploads\/2022\/07\/pedal-with-heart-fav.png","contentUrl":"https:\/\/pedalwithheart.com\/wp-content\/uploads\/2022\/07\/pedal-with-heart-fav.png","width":270,"height":270,"caption":"Pedal With Heart"},"image":{"@id":"https:\/\/3.74.107.63\/#\/schema\/logo\/image\/"},"sameAs":["https:\/\/www.facebook.com\/pedalwithheart","https:\/\/www.instagram.com\/pedal_with_heart\/"]},{"@type":"Person","@id":"https:\/\/3.74.107.63\/#\/schema\/person\/dc4e97166e2938305a9d931eef2d250c","name":"Ivan Pu\u0161kari\u0107","image":{"@type":"ImageObject","inLanguage":"en-US","@id":"https:\/\/3.74.107.63\/#\/schema\/person\/image\/","url":"https:\/\/secure.gravatar.com\/avatar\/0bb3c3bc329b61460699107108cadb83975e12655b20adaf9ae10eec163000bb?s=96&d=mm&r=g","contentUrl":"https:\/\/secure.gravatar.com\/avatar\/0bb3c3bc329b61460699107108cadb83975e12655b20adaf9ae10eec163000bb?s=96&d=mm&r=g","caption":"Ivan Pu\u0161kari\u0107"},"url":"https:\/\/pedalwithheart.com\/en\/author\/ivan\/"}]}},"_links":{"self":[{"href":"https:\/\/pedalwithheart.com\/en\/wp-json\/wp\/v2\/posts\/3397","targetHints":{"allow":["GET"]}}],"collection":[{"href":"https:\/\/pedalwithheart.com\/en\/wp-json\/wp\/v2\/posts"}],"about":[{"href":"https:\/\/pedalwithheart.com\/en\/wp-json\/wp\/v2\/types\/post"}],"author":[{"embeddable":true,"href":"https:\/\/pedalwithheart.com\/en\/wp-json\/wp\/v2\/users\/3"}],"replies":[{"embeddable":true,"href":"https:\/\/pedalwithheart.com\/en\/wp-json\/wp\/v2\/comments?post=3397"}],"version-history":[{"count":4,"href":"https:\/\/pedalwithheart.com\/en\/wp-json\/wp\/v2\/posts\/3397\/revisions"}],"predecessor-version":[{"id":3885,"href":"https:\/\/pedalwithheart.com\/en\/wp-json\/wp\/v2\/posts\/3397\/revisions\/3885"}],"wp:featuredmedia":[{"embeddable":true,"href":"https:\/\/pedalwithheart.com\/en\/wp-json\/wp\/v2\/media\/3403"}],"wp:attachment":[{"href":"https:\/\/pedalwithheart.com\/en\/wp-json\/wp\/v2\/media?parent=3397"}],"wp:term":[{"taxonomy":"category","embeddable":true,"href":"https:\/\/pedalwithheart.com\/en\/wp-json\/wp\/v2\/categories?post=3397"},{"taxonomy":"post_tag","embeddable":true,"href":"https:\/\/pedalwithheart.com\/en\/wp-json\/wp\/v2\/tags?post=3397"}],"curies":[{"name":"wp","href":"https:\/\/api.w.org\/{rel}","templated":true}]}}